{"id":24167,"date":"2022-03-02T12:16:35","date_gmt":"2022-03-02T18:16:35","guid":{"rendered":"https:\/\/encuentroinformativo.com.mx\/?p=24167"},"modified":"2022-03-02T12:16:38","modified_gmt":"2022-03-02T18:16:38","slug":"leyes-deben-proteger-a-ciudadanos-diputado","status":"publish","type":"post","link":"https:\/\/encuentroinformativo.com.mx\/?p=24167","title":{"rendered":"Leyes deben proteger a ciudadanos: Diputado"},"content":{"rendered":"\n<p><strong>Dar\u00edo Pale <\/strong><\/p>\n\n\n\n<p>Xalapa, Ver.- Se deben de proteger a las autoridades pero no con leyes que desprotejan a los ciudadanos as\u00ed lo se\u00f1al\u00f3 el coordinador de la bancada panista en el Congreso Local, Oth\u00f3n Hern\u00e1ndez Candanedo.<\/p>\n\n\n\n<p>Entrevistado posterior a la conferencia de Joaqu\u00edn Guzm\u00e1n Avil\u00e9s, dio a conocer que hasta este momento el Gobernador no ha enviado su nueva iniciativa al Congreso, pero estar\u00e1n pendientes para que cuando lo haga, lo den a conocer.<\/p>\n\n\n\n<p>En todo momento esquiv\u00f3 dar su opini\u00f3n con relaci\u00f3n a los se\u00f1alamientos del Gobernador en el sentido de que tambi\u00e9n el PAN vot\u00f3 a favor de la creaci\u00f3n del delito de ultrajes a la autoridad en el 2003.<\/p>\n\n\n\n<p>Prefiri\u00f3 referir el fallo de la Suprema Corte de Justicia de la Naci\u00f3n, que da certeza a las y los veracruzanos.<\/p>\n\n\n\n<p>En otro orden de ideas, respecto de su administraci\u00f3n como alcalde de Misantla, dijo que se siente tranquilo y sin preocupaciones por lo que diga el actual alcalde.<\/p>\n\n\n\n<p>Finalmente record\u00f3 que todos los exalcaldes tienen un tiempo determinado para responder en el caso de que haya observaciones por parte del \u00d3rgano de Fiscalizaci\u00f3n Superior (ORFIS).<\/p>\n","protected":false},"excerpt":{"rendered":"<p>Dar\u00edo Pale Xalapa, Ver.- Se deben de proteger a las autoridades pero no con leyes que desprotejan a los ciudadanos as\u00ed lo se\u00f1al\u00f3 el coordinador de la bancada panista en el Congreso Local, Oth\u00f3n Hern\u00e1ndez Candanedo. Entrevistado posterior a la conferencia de Joaqu\u00edn Guzm\u00e1n Avil\u00e9s, dio a conocer que hasta este momento el Gobernador no [&hellip;]<\/p>\n","protected":false},"author":1,"featured_media":24168,"comment_status":"open","ping_status":"open","sticky":false,"template":"","format":"standard","meta":{"_jetpack_memberships_contains_paid_content":false,"footnotes":""},"categories":[2],"tags":[],"class_list":["post-24167","post","type-post","status-publish","format-standard","has-post-thumbnail","hentry","category-estado"],"jetpack_featured_media_url":"https:\/\/encuentroinformativo.com.mx\/wp-content\/uploads\/2022\/03\/2FD33092-5101-4A03-916C-0ECED84D1A18.jpeg","jetpack_sharing_enabled":true,"jetpack_likes_enabled":true,"amp_enabled":true,"_links":{"self":[{"href":"https:\/\/encuentroinformativo.com.mx\/index.php?rest_route=\/wp\/v2\/posts\/24167","targetHints":{"allow":["GET"]}}],"collection":[{"href":"https:\/\/encuentroinformativo.com.mx\/index.php?rest_route=\/wp\/v2\/posts"}],"about":[{"href":"https:\/\/encuentroinformativo.com.mx\/index.php?rest_route=\/wp\/v2\/types\/post"}],"author":[{"embeddable":true,"href":"https:\/\/encuentroinformativo.com.mx\/index.php?rest_route=\/wp\/v2\/users\/1"}],"replies":[{"embeddable":true,"href":"https:\/\/encuentroinformativo.com.mx\/index.php?rest_route=%2Fwp%2Fv2%2Fcomments&post=24167"}],"version-history":[{"count":1,"href":"https:\/\/encuentroinformativo.com.mx\/index.php?rest_route=\/wp\/v2\/posts\/24167\/revisions"}],"predecessor-version":[{"id":24169,"href":"https:\/\/encuentroinformativo.com.mx\/index.php?rest_route=\/wp\/v2\/posts\/24167\/revisions\/24169"}],"wp:featuredmedia":[{"embeddable":true,"href":"https:\/\/encuentroinformativo.com.mx\/index.php?rest_route=\/wp\/v2\/media\/24168"}],"wp:attachment":[{"href":"https:\/\/encuentroinformativo.com.mx\/index.php?rest_route=%2Fwp%2Fv2%2Fmedia&parent=24167"}],"wp:term":[{"taxonomy":"category","embeddable":true,"href":"https:\/\/encuentroinformativo.com.mx\/index.php?rest_route=%2Fwp%2Fv2%2Fcategories&post=24167"},{"taxonomy":"post_tag","embeddable":true,"href":"https:\/\/encuentroinformativo.com.mx\/index.php?rest_route=%2Fwp%2Fv2%2Ftags&post=24167"}],"curies":[{"name":"wp","href":"https:\/\/api.w.org\/{rel}","templated":true}]}}