{"id":2417,"date":"2020-05-08T14:05:27","date_gmt":"2020-05-08T19:05:27","guid":{"rendered":"https:\/\/encuentroinformativo.com\/?p=2417"},"modified":"2020-05-08T14:05:29","modified_gmt":"2020-05-08T19:05:29","slug":"vendedores-acusan-a-las-autoridades-de-fabricar-delitos","status":"publish","type":"post","link":"https:\/\/encuentroinformativo.com.mx\/?p=2417","title":{"rendered":"Vendedores acusan a las autoridades de fabricar delitos"},"content":{"rendered":"\n<p><strong>Juan Arcos <\/strong><\/p>\n\n\n\n<p>Xalapa, Ver.- Integrantes del Frente Sindical y Social Veracruzano (FSSV) denunciaron que autoridades municipales de Coatepec han fabricado delitos para justificar la detenci\u00f3n y agresi\u00f3n f\u00edsica contra ocho vendedores ambulantes, que fueron desalojados.<\/p>\n\n\n\n<p>Los quejosos protestaron frente a Palacio de Gobierno, donde se\u00f1alaron al director de Comercio en Coatepec, Gabriel Morales G\u00f3mez, de haber mentido a medios de comunicaci\u00f3n sobre c\u00f3mo ocurri\u00f3 el desalojo de comerciantes, el pasado 6 de mayo.<\/p>\n\n\n\n<p>De acuerdo con Enrique Mapel Lozada, coordinador de la organizaci\u00f3n mencionada, el funcionario municipal hab\u00eda declarado que los vendedores fueron detenidos y golpeados porque agredieron con machetes y cuchillos a los polic\u00edas.<\/p>\n\n\n\n<p>\u201cEso es una gran mentira. Hoy venimos no solamente a desmentir esto, venimos a solidarizarnos con esta causa, con esta lucha que creemos es justa\u201d.<\/p>\n\n\n\n<p>El entrevistado indic\u00f3 que sin alg\u00fan motivo los polic\u00edas municipales golpearon y detuvieron a integrantes del Frente Sindical y Social Veracruzano.<\/p>\n\n\n\n<p>A su juicio, se trat\u00f3 de un acto represivo por parte de la autoridad municipal.<\/p>\n\n\n\n<p>\u201cFue una represi\u00f3n sin ning\u00fan fundamento legal y eso nosotros nos sumamos a levantar la voz por estos compa\u00f1eros y compa\u00f1eras que han sido reprimidas y brutalmente golpeadas en la ciudad de Coatepec\u201d.<\/p>\n\n\n\n<p>Finalmente, pidieron la intervenci\u00f3n del gobernador Cuitl\u00e1huac Garc\u00eda Jim\u00e9nez y de la presidenta de la Comisi\u00f3n Estatal de Derechos Humanos (CEDH), Namiko Matzumoto, para que cesen las agresiones contra los comerciantes informales en el Pueblo M\u00e1gico.<\/p>\n\n\n\n<p><\/p>\n","protected":false},"excerpt":{"rendered":"<p>Juan Arcos Xalapa, Ver.- Integrantes del Frente Sindical y Social Veracruzano (FSSV) denunciaron que autoridades municipales de Coatepec han fabricado delitos para justificar la detenci\u00f3n y agresi\u00f3n f\u00edsica contra ocho vendedores ambulantes, que fueron desalojados. Los quejosos protestaron frente a Palacio de Gobierno, donde se\u00f1alaron al director de Comercio en Coatepec, Gabriel Morales G\u00f3mez, de [&hellip;]<\/p>\n","protected":false},"author":1,"featured_media":2418,"comment_status":"open","ping_status":"open","sticky":false,"template":"","format":"standard","meta":{"_jetpack_memberships_contains_paid_content":false,"footnotes":""},"categories":[3],"tags":[],"class_list":["post-2417","post","type-post","status-publish","format-standard","has-post-thumbnail","hentry","category-xalapa"],"jetpack_featured_media_url":"https:\/\/encuentroinformativo.com.mx\/wp-content\/uploads\/2020\/05\/61093E6E-14B0-4EA8-96B4-5C7E068A777C.jpeg","jetpack_sharing_enabled":true,"jetpack_likes_enabled":true,"amp_enabled":true,"_links":{"self":[{"href":"https:\/\/encuentroinformativo.com.mx\/index.php?rest_route=\/wp\/v2\/posts\/2417","targetHints":{"allow":["GET"]}}],"collection":[{"href":"https:\/\/encuentroinformativo.com.mx\/index.php?rest_route=\/wp\/v2\/posts"}],"about":[{"href":"https:\/\/encuentroinformativo.com.mx\/index.php?rest_route=\/wp\/v2\/types\/post"}],"author":[{"embeddable":true,"href":"https:\/\/encuentroinformativo.com.mx\/index.php?rest_route=\/wp\/v2\/users\/1"}],"replies":[{"embeddable":true,"href":"https:\/\/encuentroinformativo.com.mx\/index.php?rest_route=%2Fwp%2Fv2%2Fcomments&post=2417"}],"version-history":[{"count":1,"href":"https:\/\/encuentroinformativo.com.mx\/index.php?rest_route=\/wp\/v2\/posts\/2417\/revisions"}],"predecessor-version":[{"id":2419,"href":"https:\/\/encuentroinformativo.com.mx\/index.php?rest_route=\/wp\/v2\/posts\/2417\/revisions\/2419"}],"wp:featuredmedia":[{"embeddable":true,"href":"https:\/\/encuentroinformativo.com.mx\/index.php?rest_route=\/wp\/v2\/media\/2418"}],"wp:attachment":[{"href":"https:\/\/encuentroinformativo.com.mx\/index.php?rest_route=%2Fwp%2Fv2%2Fmedia&parent=2417"}],"wp:term":[{"taxonomy":"category","embeddable":true,"href":"https:\/\/encuentroinformativo.com.mx\/index.php?rest_route=%2Fwp%2Fv2%2Fcategories&post=2417"},{"taxonomy":"post_tag","embeddable":true,"href":"https:\/\/encuentroinformativo.com.mx\/index.php?rest_route=%2Fwp%2Fv2%2Ftags&post=2417"}],"curies":[{"name":"wp","href":"https:\/\/api.w.org\/{rel}","templated":true}]}}