{"id":24170,"date":"2022-03-02T12:50:45","date_gmt":"2022-03-02T18:50:45","guid":{"rendered":"https:\/\/encuentroinformativo.com.mx\/?p=24170"},"modified":"2022-03-02T12:50:48","modified_gmt":"2022-03-02T18:50:48","slug":"asisten-catolicos-a-miercoles-de-ceniza","status":"publish","type":"post","link":"https:\/\/encuentroinformativo.com.mx\/?p=24170","title":{"rendered":"Asisten cat\u00f3licos a Mi\u00e9rcoles de Ceniza"},"content":{"rendered":"\n<p>Xalapa, Ver.- Fieles cat\u00f3licos desde temprana hora llegaron a la Catedral de Xalapa para participar en la eucarist\u00eda este Mi\u00e9rcoles de Ceniza con el cual da inicio a la Cuaresma.<\/p>\n\n\n\n<p>Atendiendo las medidas de sanidad el p\u00e1rroco Roberto Reyes Anaya impuso el signo de la cruz en la frente.\u00a0<br><\/p>\n\n\n\n<figure class=\"wp-block-image size-large\"><img loading=\"lazy\" decoding=\"async\" width=\"1024\" height=\"683\" src=\"https:\/\/encuentroinformativo.com.mx\/wp-content\/uploads\/2022\/03\/E591EBF0-87CC-450A-AD99-A55908E855F6-1024x683.jpeg\" alt=\"\" class=\"wp-image-24172\" srcset=\"https:\/\/encuentroinformativo.com.mx\/wp-content\/uploads\/2022\/03\/E591EBF0-87CC-450A-AD99-A55908E855F6-1024x683.jpeg 1024w, https:\/\/encuentroinformativo.com.mx\/wp-content\/uploads\/2022\/03\/E591EBF0-87CC-450A-AD99-A55908E855F6-300x200.jpeg 300w, https:\/\/encuentroinformativo.com.mx\/wp-content\/uploads\/2022\/03\/E591EBF0-87CC-450A-AD99-A55908E855F6-768x512.jpeg 768w, https:\/\/encuentroinformativo.com.mx\/wp-content\/uploads\/2022\/03\/E591EBF0-87CC-450A-AD99-A55908E855F6.jpeg 1488w\" sizes=\"auto, (max-width: 1024px) 100vw, 1024px\" \/><\/figure>\n\n\n\n<figure class=\"wp-block-image size-large\"><img loading=\"lazy\" decoding=\"async\" width=\"1024\" height=\"683\" src=\"https:\/\/encuentroinformativo.com.mx\/wp-content\/uploads\/2022\/03\/DE00E104-85C3-4F6C-9BB8-7D44CA94BC8E-1024x683.jpeg\" alt=\"\" class=\"wp-image-24173\" srcset=\"https:\/\/encuentroinformativo.com.mx\/wp-content\/uploads\/2022\/03\/DE00E104-85C3-4F6C-9BB8-7D44CA94BC8E-1024x683.jpeg 1024w, https:\/\/encuentroinformativo.com.mx\/wp-content\/uploads\/2022\/03\/DE00E104-85C3-4F6C-9BB8-7D44CA94BC8E-300x200.jpeg 300w, https:\/\/encuentroinformativo.com.mx\/wp-content\/uploads\/2022\/03\/DE00E104-85C3-4F6C-9BB8-7D44CA94BC8E-768x512.jpeg 768w, https:\/\/encuentroinformativo.com.mx\/wp-content\/uploads\/2022\/03\/DE00E104-85C3-4F6C-9BB8-7D44CA94BC8E.jpeg 1488w\" sizes=\"auto, (max-width: 1024px) 100vw, 1024px\" \/><\/figure>\n","protected":false},"excerpt":{"rendered":"<p>Xalapa, Ver.- Fieles cat\u00f3licos desde temprana hora llegaron a la Catedral de Xalapa para participar en la eucarist\u00eda este Mi\u00e9rcoles de Ceniza con el cual da inicio a la Cuaresma. Atendiendo las medidas de sanidad el p\u00e1rroco Roberto Reyes Anaya impuso el signo de la cruz en la frente.\u00a0<\/p>\n","protected":false},"author":1,"featured_media":24171,"comment_status":"open","ping_status":"open","sticky":false,"template":"","format":"standard","meta":{"_jetpack_memberships_contains_paid_content":false,"footnotes":""},"categories":[3],"tags":[],"class_list":["post-24170","post","type-post","status-publish","format-standard","has-post-thumbnail","hentry","category-xalapa"],"jetpack_featured_media_url":"https:\/\/encuentroinformativo.com.mx\/wp-content\/uploads\/2022\/03\/FCA13B02-2F3B-4634-8938-4635863F3BAD.jpeg","jetpack_sharing_enabled":true,"jetpack_likes_enabled":true,"amp_enabled":true,"_links":{"self":[{"href":"https:\/\/encuentroinformativo.com.mx\/index.php?rest_route=\/wp\/v2\/posts\/24170","targetHints":{"allow":["GET"]}}],"collection":[{"href":"https:\/\/encuentroinformativo.com.mx\/index.php?rest_route=\/wp\/v2\/posts"}],"about":[{"href":"https:\/\/encuentroinformativo.com.mx\/index.php?rest_route=\/wp\/v2\/types\/post"}],"author":[{"embeddable":true,"href":"https:\/\/encuentroinformativo.com.mx\/index.php?rest_route=\/wp\/v2\/users\/1"}],"replies":[{"embeddable":true,"href":"https:\/\/encuentroinformativo.com.mx\/index.php?rest_route=%2Fwp%2Fv2%2Fcomments&post=24170"}],"version-history":[{"count":1,"href":"https:\/\/encuentroinformativo.com.mx\/index.php?rest_route=\/wp\/v2\/posts\/24170\/revisions"}],"predecessor-version":[{"id":24174,"href":"https:\/\/encuentroinformativo.com.mx\/index.php?rest_route=\/wp\/v2\/posts\/24170\/revisions\/24174"}],"wp:featuredmedia":[{"embeddable":true,"href":"https:\/\/encuentroinformativo.com.mx\/index.php?rest_route=\/wp\/v2\/media\/24171"}],"wp:attachment":[{"href":"https:\/\/encuentroinformativo.com.mx\/index.php?rest_route=%2Fwp%2Fv2%2Fmedia&parent=24170"}],"wp:term":[{"taxonomy":"category","embeddable":true,"href":"https:\/\/encuentroinformativo.com.mx\/index.php?rest_route=%2Fwp%2Fv2%2Fcategories&post=24170"},{"taxonomy":"post_tag","embeddable":true,"href":"https:\/\/encuentroinformativo.com.mx\/index.php?rest_route=%2Fwp%2Fv2%2Ftags&post=24170"}],"curies":[{"name":"wp","href":"https:\/\/api.w.org\/{rel}","templated":true}]}}