{"id":24178,"date":"2022-03-02T14:59:13","date_gmt":"2022-03-02T20:59:13","guid":{"rendered":"https:\/\/encuentroinformativo.com.mx\/?p=24178"},"modified":"2022-03-02T14:59:17","modified_gmt":"2022-03-02T20:59:17","slug":"desiste-gobernador-de-enviar-nueva-iniciativa-al-congreso","status":"publish","type":"post","link":"https:\/\/encuentroinformativo.com.mx\/?p=24178","title":{"rendered":"Desiste gobernador de enviar nueva iniciativa al Congreso"},"content":{"rendered":"\n<p><strong>Dar\u00edo Pale<\/strong><\/p>\n\n\n\n<p>Xalapa, Ver.- El gobernador de Veracruz Cuitl\u00e1huac Garc\u00eda Jim\u00e9nez dio a conocer que no enviar\u00e1 otra iniciativa al congreso del estado ya que no hab\u00eda analizado que la Suprema Corte de Justicia de la Naci\u00f3n (SCJN), no inv\u00e1lido el 371 quinquies del C\u00f3digo Penal Del estado.<\/p>\n\n\n\n<p>En conferencia de prensa se\u00f1al\u00f3 que, la resoluci\u00f3n de la Corte fue parcial al no invalidar todos los art\u00edculos discutidos y por lo tanto, s\u00f3lo quedaron sin efecto el 331 y la segunda fracci\u00f3n del art\u00edculo 271.<\/p>\n\n\n\n<p>\u201cQuedan por lo tanto vigentes el art\u00edculo 371 quinquies, el resto de las fracciones del art\u00edculo 371 y el art\u00edculo 222 Bis completo&#8221;, coment\u00f3.<\/p>\n\n\n\n<p>Por lo que queda vigente la reforma anterior, ya que la Corte s\u00f3lo invalid\u00f3 el art\u00edculo 331 de dicho c\u00f3digo, &#8220;como lo dije, la reforma queda vigente en el art\u00edculo 371 y queda plenamente vigente ya, en firme, con todos sus efectos legales, el 371 quinquies&#8221;.<\/p>\n\n\n\n<p>&#8220;Es que cuando est\u00e1bamos aqu\u00ed ya me hab\u00edan espantado un poco porque dec\u00edan ya se declar\u00f3 inconstitucional y pues s\u00ed estaba preocupante, pero no, qued\u00f3 protegida la sociedad con los elementos que van a tener la seguridad de seguir patrullando, tienen este recurso la Fiscal\u00eda para que quien cometa el delito, en efecto sea puesto ante un juez&#8221;, se\u00f1al\u00f3.<\/p>\n\n\n\n<p>Resalt\u00f3 que el riesgo que ve\u00eda de invalidar todos los art\u00edculos era que se crear\u00eda un vac\u00edo para proteger a las autoridades.<\/p>\n\n\n\n<p>Durante la conferencia hizo alusi\u00f3n a los criterios vertidos durante la sesi\u00f3n de la Suprema Corte el pasado lunes, por lo que insisti\u00f3 en que es plenamente constitucional el 371 quinquies &#8220;ya determinado por la Corte ya no hay duda a m\u00e1s ambig\u00fcedades&#8221;.<\/p>\n\n\n\n<p>El Mandatario recalc\u00f3 que quienes crearon el delito de ultrajes a la autoridad fueron los legisladores del PRI, PAN y Movimiento Ciudadano, en aquel entonces Convergencia.<\/p>\n\n\n\n<p>Asegur\u00f3 que quienes estaban interesados en que se derogara el delito ten\u00edan una intenci\u00f3n &#8220;perversa&#8221; para liberar a sus &#8220;compinches&#8221;, quienes traen una cola larga de corrupci\u00f3n y refiri\u00f3 que el diario Reforma dio a conocer a quienes buscaba liberarse.<\/p>\n\n\n\n<p>Garc\u00eda Jim\u00e9nez asegur\u00f3 que la redacci\u00f3n del primer p\u00e1rrafo art\u00edculo 331, que proviene de la reforma del 2003, es inconstitucional.<\/p>\n\n\n\n<p>&#8220;Y las agravantes agregadas en la reforma 2021 y establecidas en las fracciones del art\u00edculo, quedan sin efecto al quit\u00e1rseles la definici\u00f3n del primer p\u00e1rrafo&#8221;, inform\u00f3.<\/p>\n\n\n\n<p>Mostr\u00f3 en videos partes de las argumentaciones de los ministros, como el presidente Arturo Saldivar, quien defini\u00f3 que la taxatividad se surte: amenazar o agredir a una autoridad, yo creo que gramaticalmente y en el uso com\u00fan, todos sabemos lo que se est\u00e1 diciendo. Puede ser sumamente amplio.<br>Afirm\u00f3 que las modificaciones que propuso y que van dirigidas a los delincuentes que agreden violentamente a la Polic\u00eda, quedan &#8220;salvados&#8221; por el 371 quinquies.<\/p>\n\n\n\n<p>&#8220;Y esto al quedar vigente y validado por la Suprema Corte ya no se requiere ning\u00fan cambio adicional al C\u00f3digo Penal de Veracruz&#8221;, finaliz\u00f3.<\/p>\n","protected":false},"excerpt":{"rendered":"<p>Dar\u00edo Pale Xalapa, Ver.- El gobernador de Veracruz Cuitl\u00e1huac Garc\u00eda Jim\u00e9nez dio a conocer que no enviar\u00e1 otra iniciativa al congreso del estado ya que no hab\u00eda analizado que la Suprema Corte de Justicia de la Naci\u00f3n (SCJN), no inv\u00e1lido el 371 quinquies del C\u00f3digo Penal Del estado. En conferencia de prensa se\u00f1al\u00f3 que, la [&hellip;]<\/p>\n","protected":false},"author":1,"featured_media":24179,"comment_status":"open","ping_status":"open","sticky":false,"template":"","format":"standard","meta":{"_jetpack_memberships_contains_paid_content":false,"footnotes":""},"categories":[2],"tags":[],"class_list":["post-24178","post","type-post","status-publish","format-standard","has-post-thumbnail","hentry","category-estado"],"jetpack_featured_media_url":"https:\/\/encuentroinformativo.com.mx\/wp-content\/uploads\/2022\/03\/B6929E43-9C29-4B1C-8D78-8D69D4ABF6F3.jpeg","jetpack_sharing_enabled":true,"jetpack_likes_enabled":true,"amp_enabled":true,"_links":{"self":[{"href":"https:\/\/encuentroinformativo.com.mx\/index.php?rest_route=\/wp\/v2\/posts\/24178","targetHints":{"allow":["GET"]}}],"collection":[{"href":"https:\/\/encuentroinformativo.com.mx\/index.php?rest_route=\/wp\/v2\/posts"}],"about":[{"href":"https:\/\/encuentroinformativo.com.mx\/index.php?rest_route=\/wp\/v2\/types\/post"}],"author":[{"embeddable":true,"href":"https:\/\/encuentroinformativo.com.mx\/index.php?rest_route=\/wp\/v2\/users\/1"}],"replies":[{"embeddable":true,"href":"https:\/\/encuentroinformativo.com.mx\/index.php?rest_route=%2Fwp%2Fv2%2Fcomments&post=24178"}],"version-history":[{"count":1,"href":"https:\/\/encuentroinformativo.com.mx\/index.php?rest_route=\/wp\/v2\/posts\/24178\/revisions"}],"predecessor-version":[{"id":24180,"href":"https:\/\/encuentroinformativo.com.mx\/index.php?rest_route=\/wp\/v2\/posts\/24178\/revisions\/24180"}],"wp:featuredmedia":[{"embeddable":true,"href":"https:\/\/encuentroinformativo.com.mx\/index.php?rest_route=\/wp\/v2\/media\/24179"}],"wp:attachment":[{"href":"https:\/\/encuentroinformativo.com.mx\/index.php?rest_route=%2Fwp%2Fv2%2Fmedia&parent=24178"}],"wp:term":[{"taxonomy":"category","embeddable":true,"href":"https:\/\/encuentroinformativo.com.mx\/index.php?rest_route=%2Fwp%2Fv2%2Fcategories&post=24178"},{"taxonomy":"post_tag","embeddable":true,"href":"https:\/\/encuentroinformativo.com.mx\/index.php?rest_route=%2Fwp%2Fv2%2Ftags&post=24178"}],"curies":[{"name":"wp","href":"https:\/\/api.w.org\/{rel}","templated":true}]}}