{"id":24181,"date":"2022-03-02T16:04:29","date_gmt":"2022-03-02T22:04:29","guid":{"rendered":"https:\/\/encuentroinformativo.com.mx\/?p=24181"},"modified":"2022-03-02T16:04:32","modified_gmt":"2022-03-02T22:04:32","slug":"promueven-reforestacion-en-memoria-de-victimas-de-feminicidios","status":"publish","type":"post","link":"https:\/\/encuentroinformativo.com.mx\/?p=24181","title":{"rendered":"Promueven reforestaci\u00f3n en memoria de v\u00edctimas de feminicidios"},"content":{"rendered":"\n<p><strong>Juan Arcos <\/strong><\/p>\n\n\n\n<p>Xalapa,  Ver.- En la ciudad de Xalapa se llevar\u00e1 a cabo la primera jornada de reforestaci\u00f3n por las v\u00edctimas de feminicidio en M\u00e9xico.<\/p>\n\n\n\n<p>De acuerdo con Alma Cecilia Carmona Ortega, fundadora del programa \u201cToda vida vale\u201d, estas acciones est\u00e1n programadas para el pr\u00f3ximo domingo 6 de marzo, a las 10:00 horas, en el Cerro de la Galaxia.<\/p>\n\n\n\n<p>La activista se\u00f1al\u00f3 que esta actividad tiene el objetivo de concientizar a la sociedad y a las autoridades sobre la problem\u00e1tica actual que viven las mujeres d\u00eda tras d\u00eda.<\/p>\n\n\n\n<p>Lo anterior, mediante acciones con enfoque ambiental y social, donde ser\u00e1n recordados los nombres de quienes han sido v\u00edctimas de la violencia que impera en la entidad.<\/p>\n\n\n\n<p>\u201cRecordaremos los nombres de nuestras hermanas v\u00edctimas de la violencia, el silencio, la impunidad y la corrupci\u00f3n, plantando un \u00e1rbol con el nombre de cada una de ellas\u201d, expres\u00f3.<\/p>\n\n\n\n<p>Alma Carmona detall\u00f3 que ser\u00e1n plantados cerca de 30 \u00e1rboles en el sitio mencionado con los nombres de las v\u00edctimas, para que no muera su recuerdo.<\/p>\n\n\n\n<p>\u201cLos invitamos a levantar la voz por aquellas que hoy no pueden y a no permitir que muera su recuerdo. Por ellas, por nosotras, por todas las que vienen, luchemos por un M\u00e9xico libre de violencia contra la mujer\u201d, enfatiz\u00f3.<\/p>\n\n\n\n<p>La joven es fundadora del programa \u201cToda vida vale\u201d, mediante el cual se han sembrado \u00e1rboles en distintos municipios del estado, tambi\u00e9n por cada persona desaparecida y por v\u00edctimas de cr\u00edmenes de odio por homofobia en la entidad.<\/p>\n","protected":false},"excerpt":{"rendered":"<p>Juan Arcos Xalapa, Ver.- En la ciudad de Xalapa se llevar\u00e1 a cabo la primera jornada de reforestaci\u00f3n por las v\u00edctimas de feminicidio en M\u00e9xico. De acuerdo con Alma Cecilia Carmona Ortega, fundadora del programa \u201cToda vida vale\u201d, estas acciones est\u00e1n programadas para el pr\u00f3ximo domingo 6 de marzo, a las 10:00 horas, en el [&hellip;]<\/p>\n","protected":false},"author":1,"featured_media":24182,"comment_status":"open","ping_status":"open","sticky":false,"template":"","format":"standard","meta":{"_jetpack_memberships_contains_paid_content":false,"footnotes":""},"categories":[3],"tags":[],"class_list":["post-24181","post","type-post","status-publish","format-standard","has-post-thumbnail","hentry","category-xalapa"],"jetpack_featured_media_url":"https:\/\/encuentroinformativo.com.mx\/wp-content\/uploads\/2022\/03\/FCF0599B-690C-453F-B956-C8C422D47D3B.jpeg","jetpack_sharing_enabled":true,"jetpack_likes_enabled":true,"amp_enabled":true,"_links":{"self":[{"href":"https:\/\/encuentroinformativo.com.mx\/index.php?rest_route=\/wp\/v2\/posts\/24181","targetHints":{"allow":["GET"]}}],"collection":[{"href":"https:\/\/encuentroinformativo.com.mx\/index.php?rest_route=\/wp\/v2\/posts"}],"about":[{"href":"https:\/\/encuentroinformativo.com.mx\/index.php?rest_route=\/wp\/v2\/types\/post"}],"author":[{"embeddable":true,"href":"https:\/\/encuentroinformativo.com.mx\/index.php?rest_route=\/wp\/v2\/users\/1"}],"replies":[{"embeddable":true,"href":"https:\/\/encuentroinformativo.com.mx\/index.php?rest_route=%2Fwp%2Fv2%2Fcomments&post=24181"}],"version-history":[{"count":1,"href":"https:\/\/encuentroinformativo.com.mx\/index.php?rest_route=\/wp\/v2\/posts\/24181\/revisions"}],"predecessor-version":[{"id":24183,"href":"https:\/\/encuentroinformativo.com.mx\/index.php?rest_route=\/wp\/v2\/posts\/24181\/revisions\/24183"}],"wp:featuredmedia":[{"embeddable":true,"href":"https:\/\/encuentroinformativo.com.mx\/index.php?rest_route=\/wp\/v2\/media\/24182"}],"wp:attachment":[{"href":"https:\/\/encuentroinformativo.com.mx\/index.php?rest_route=%2Fwp%2Fv2%2Fmedia&parent=24181"}],"wp:term":[{"taxonomy":"category","embeddable":true,"href":"https:\/\/encuentroinformativo.com.mx\/index.php?rest_route=%2Fwp%2Fv2%2Fcategories&post=24181"},{"taxonomy":"post_tag","embeddable":true,"href":"https:\/\/encuentroinformativo.com.mx\/index.php?rest_route=%2Fwp%2Fv2%2Ftags&post=24181"}],"curies":[{"name":"wp","href":"https:\/\/api.w.org\/{rel}","templated":true}]}}