{"id":24198,"date":"2022-03-03T09:26:50","date_gmt":"2022-03-03T15:26:50","guid":{"rendered":"https:\/\/encuentroinformativo.com.mx\/?p=24198"},"modified":"2022-03-03T09:51:38","modified_gmt":"2022-03-03T15:51:38","slug":"sin-danos-por-sismo-con-epicentro-en-isla-pc","status":"publish","type":"post","link":"https:\/\/encuentroinformativo.com.mx\/?p=24198","title":{"rendered":"Sin da\u00f1os por sismo con epicentro en Isla: PC"},"content":{"rendered":"\n<p><strong>Juan Arcos<\/strong><\/p>\n\n\n\n<p>Xalapa, Ver.-  La Secretar\u00eda de Protecci\u00f3n Civil (PC) no reporta da\u00f1os a la infraestructura estrat\u00e9gica del estado ni personas lesionadas tras el sismo de 6.2 grados en la escala de Richter con epicentro a dos kil\u00f3metros al sureste del municipio de Isla, ubicado en la zona sur de Veracruz.<\/p>\n\n\n\n<p>La dependencia estatal, a cargo de Guadalupe Osorno Maldonado, inform\u00f3 que se mantiene el monitoreo con autoridades y fuerzas de tarea de los tres niveles de gobierno.<\/p>\n\n\n\n<p>Se han realizado evacuaciones precautorias en varios inmuebles y se realizan las revisiones correspondientes.<\/p>\n\n\n\n<p>En la ciudad de Xalapa fueron desalojadas diversas personas que se encontraban en Palacio Municipal, Palacio de Gobierno, Secretar\u00eda de Seguridad P\u00fablica (SSP) y otros inmuebles.<\/p>\n\n\n\n<p>La gente se concentr\u00f3 en dos puntos: Plaza Sebasti\u00e1n Lerdo de Tejada y la explanada del parque Benito Ju\u00e1rez, donde estuvo presente el alcalde Ricardo Ahued Bardahuil.<\/p>\n\n\n\n<p>Los edificios p\u00fablicos tambi\u00e9n fueron desalojados en otros municipios de la entidad, como Coatepec, Xico y C\u00f3rdoba donde fue notoria la percepci\u00f3n.<\/p>\n","protected":false},"excerpt":{"rendered":"<p>Juan Arcos Xalapa, Ver.- La Secretar\u00eda de Protecci\u00f3n Civil (PC) no reporta da\u00f1os a la infraestructura estrat\u00e9gica del estado ni personas lesionadas tras el sismo de 6.2 grados en la escala de Richter con epicentro a dos kil\u00f3metros al sureste del municipio de Isla, ubicado en la zona sur de Veracruz. La dependencia estatal, a [&hellip;]<\/p>\n","protected":false},"author":1,"featured_media":24199,"comment_status":"open","ping_status":"open","sticky":false,"template":"","format":"standard","meta":{"_jetpack_memberships_contains_paid_content":false,"footnotes":""},"categories":[2],"tags":[],"class_list":["post-24198","post","type-post","status-publish","format-standard","has-post-thumbnail","hentry","category-estado"],"jetpack_featured_media_url":"https:\/\/encuentroinformativo.com.mx\/wp-content\/uploads\/2022\/03\/57BF81CF-09AA-4D57-A7E9-4F31C641D083.png","jetpack_sharing_enabled":true,"jetpack_likes_enabled":true,"amp_enabled":true,"_links":{"self":[{"href":"https:\/\/encuentroinformativo.com.mx\/index.php?rest_route=\/wp\/v2\/posts\/24198","targetHints":{"allow":["GET"]}}],"collection":[{"href":"https:\/\/encuentroinformativo.com.mx\/index.php?rest_route=\/wp\/v2\/posts"}],"about":[{"href":"https:\/\/encuentroinformativo.com.mx\/index.php?rest_route=\/wp\/v2\/types\/post"}],"author":[{"embeddable":true,"href":"https:\/\/encuentroinformativo.com.mx\/index.php?rest_route=\/wp\/v2\/users\/1"}],"replies":[{"embeddable":true,"href":"https:\/\/encuentroinformativo.com.mx\/index.php?rest_route=%2Fwp%2Fv2%2Fcomments&post=24198"}],"version-history":[{"count":2,"href":"https:\/\/encuentroinformativo.com.mx\/index.php?rest_route=\/wp\/v2\/posts\/24198\/revisions"}],"predecessor-version":[{"id":24205,"href":"https:\/\/encuentroinformativo.com.mx\/index.php?rest_route=\/wp\/v2\/posts\/24198\/revisions\/24205"}],"wp:featuredmedia":[{"embeddable":true,"href":"https:\/\/encuentroinformativo.com.mx\/index.php?rest_route=\/wp\/v2\/media\/24199"}],"wp:attachment":[{"href":"https:\/\/encuentroinformativo.com.mx\/index.php?rest_route=%2Fwp%2Fv2%2Fmedia&parent=24198"}],"wp:term":[{"taxonomy":"category","embeddable":true,"href":"https:\/\/encuentroinformativo.com.mx\/index.php?rest_route=%2Fwp%2Fv2%2Fcategories&post=24198"},{"taxonomy":"post_tag","embeddable":true,"href":"https:\/\/encuentroinformativo.com.mx\/index.php?rest_route=%2Fwp%2Fv2%2Ftags&post=24198"}],"curies":[{"name":"wp","href":"https:\/\/api.w.org\/{rel}","templated":true}]}}