{"id":2420,"date":"2020-05-08T16:08:50","date_gmt":"2020-05-08T21:08:50","guid":{"rendered":"https:\/\/encuentroinformativo.com\/?p=2420"},"modified":"2020-05-08T16:08:53","modified_gmt":"2020-05-08T21:08:53","slug":"denuncian-ante-fgr-presuntas-anomalias-en-convocatoria-para-titular-de-fiscal","status":"publish","type":"post","link":"https:\/\/encuentroinformativo.com.mx\/?p=2420","title":{"rendered":"Denuncian ante FGR presuntas anomal\u00edas en convocatoria para titular de fiscal"},"content":{"rendered":"\n<p><strong>Juan Arcos <\/strong><\/p>\n\n\n\n<p>Xalapa, Ver.- El diputado local Juan Javier G\u00f3mez Cazar\u00edn fue denunciado ante la Fiscal\u00eda General de la Rep\u00fablica (FGR) por realizar una convocatoria \u201cilegal\u201d para nombrar al nuevo fiscal en Veracruz.<\/p>\n\n\n\n<p>La denuncia fue recibida en la oficina del fiscal general de la Rep\u00fablica, Alejandro Gertz Manero, este 8 de mayo.<\/p>\n\n\n\n<p>En el documento se lee que la Junta de Coordinaci\u00f3n Pol\u00edtica de la Sexag\u00e9sima Quinta Legislatura del Congreso del Estado de Veracruz no tiene atribuciones para realizar la convocatoria para ocupar el cargo de Fiscal General del Estado de Veracruz.<\/p>\n\n\n\n<p>Por ello, su presidente Juan Javier G\u00f3mez Cazar\u00edn es se\u00f1alado del ejercicio indebido del servicio p\u00fablico.<\/p>\n\n\n\n<p>En la denuncia se detalla que el \u00fanico \u00f3rgano encargado de emitir la convocatoria para la renovaci\u00f3n del FGE, corresponde al Pleno del Congreso del Estado, de conformidad con el articulo 21 de dicha Constituci\u00f3n Local.<\/p>\n\n\n\n<p>Se considera que en la mencionada convocatoria existe un conflicto de intereses entre la encargada de despacho de la FGE, Ver\u00f3nica Hern\u00e1ndez Giadans y G\u00f3mez Cazar\u00edn.<\/p>\n\n\n\n<p>Cabe recordar que, el pasado 3 de septiembre, la Diputaci\u00f3n Permanente de la Sexag\u00e9sima Quinta Legislatura emiti\u00f3 un acuerdo para separar temporalmente del cargo a titular de la FGE, Jorge Winckler Ort\u00edz.<\/p>\n\n\n\n<p>El Poder Legislativo se\u00f1al\u00f3 que el mandado contenido en los art\u00edculos 21 y 123 constitucionales y dem\u00e1s normativa aplicable fue suficiente para pedir la separaci\u00f3n definitiva de Winckler Ortiz.<\/p>\n\n\n\n<p>Fue as\u00ed que Hern\u00e1ndez Giadans fue nombrada encargada de despacho, pese a que la normatividad interior de la FGE establece que ante la ausencia del titular, deb\u00eda ocupar el cargo el Visitador General.<\/p>\n\n\n\n<p>Por tal motivo, en la denuncia presentada recientemente, se solicita a la Fiscal\u00eda General de la Rep\u00fablica que investigue cada uno de los actos que considere id\u00f3neos, suficientes y pertinentes para el establecimiento de hechos.<\/p>\n\n\n\n<p><\/p>\n","protected":false},"excerpt":{"rendered":"<p>Juan Arcos Xalapa, Ver.- El diputado local Juan Javier G\u00f3mez Cazar\u00edn fue denunciado ante la Fiscal\u00eda General de la Rep\u00fablica (FGR) por realizar una convocatoria \u201cilegal\u201d para nombrar al nuevo fiscal en Veracruz. La denuncia fue recibida en la oficina del fiscal general de la Rep\u00fablica, Alejandro Gertz Manero, este 8 de mayo. En el [&hellip;]<\/p>\n","protected":false},"author":1,"featured_media":955,"comment_status":"open","ping_status":"open","sticky":false,"template":"","format":"standard","meta":{"_jetpack_memberships_contains_paid_content":false,"footnotes":""},"categories":[2],"tags":[],"class_list":["post-2420","post","type-post","status-publish","format-standard","has-post-thumbnail","hentry","category-estado"],"jetpack_featured_media_url":"https:\/\/encuentroinformativo.com.mx\/wp-content\/uploads\/2020\/03\/EDB24C12-902B-4BF5-ADDD-EE5AD813BDEF.jpeg","jetpack_sharing_enabled":true,"jetpack_likes_enabled":true,"amp_enabled":true,"_links":{"self":[{"href":"https:\/\/encuentroinformativo.com.mx\/index.php?rest_route=\/wp\/v2\/posts\/2420","targetHints":{"allow":["GET"]}}],"collection":[{"href":"https:\/\/encuentroinformativo.com.mx\/index.php?rest_route=\/wp\/v2\/posts"}],"about":[{"href":"https:\/\/encuentroinformativo.com.mx\/index.php?rest_route=\/wp\/v2\/types\/post"}],"author":[{"embeddable":true,"href":"https:\/\/encuentroinformativo.com.mx\/index.php?rest_route=\/wp\/v2\/users\/1"}],"replies":[{"embeddable":true,"href":"https:\/\/encuentroinformativo.com.mx\/index.php?rest_route=%2Fwp%2Fv2%2Fcomments&post=2420"}],"version-history":[{"count":1,"href":"https:\/\/encuentroinformativo.com.mx\/index.php?rest_route=\/wp\/v2\/posts\/2420\/revisions"}],"predecessor-version":[{"id":2421,"href":"https:\/\/encuentroinformativo.com.mx\/index.php?rest_route=\/wp\/v2\/posts\/2420\/revisions\/2421"}],"wp:featuredmedia":[{"embeddable":true,"href":"https:\/\/encuentroinformativo.com.mx\/index.php?rest_route=\/wp\/v2\/media\/955"}],"wp:attachment":[{"href":"https:\/\/encuentroinformativo.com.mx\/index.php?rest_route=%2Fwp%2Fv2%2Fmedia&parent=2420"}],"wp:term":[{"taxonomy":"category","embeddable":true,"href":"https:\/\/encuentroinformativo.com.mx\/index.php?rest_route=%2Fwp%2Fv2%2Fcategories&post=2420"},{"taxonomy":"post_tag","embeddable":true,"href":"https:\/\/encuentroinformativo.com.mx\/index.php?rest_route=%2Fwp%2Fv2%2Ftags&post=2420"}],"curies":[{"name":"wp","href":"https:\/\/api.w.org\/{rel}","templated":true}]}}