{"id":24201,"date":"2022-03-03T09:49:40","date_gmt":"2022-03-03T15:49:40","guid":{"rendered":"https:\/\/encuentroinformativo.com.mx\/?p=24201"},"modified":"2022-03-03T09:49:43","modified_gmt":"2022-03-03T15:49:43","slug":"desalojan-palacio-municipal-por-sismo-perceptible-en-xalapa","status":"publish","type":"post","link":"https:\/\/encuentroinformativo.com.mx\/?p=24201","title":{"rendered":"Desalojan Palacio Municipal por sismo perceptible en Xalapa"},"content":{"rendered":"\n<p>Xalapa, Ver.- Este jueves, alrededor de las 8:40 horas se realiz\u00f3 la evacuaci\u00f3n precautoria del personal que labora en las distintas oficinas de Palacio Municipal debido a un sismo de 6.2 grados en la escala de Richter.<\/p>\n\n\n\n<p>El fen\u00f3meno cuyo epicentro se localiz\u00f3 a 2 kil\u00f3metros al sureste del municipio de Isla, Veracruz, fue perceptible en esta capital.<\/p>\n\n\n\n<p>Funcionarios y autoridades municipales desalojaron las instalaciones y se trasladaron a la explanada del parque Benito Ju\u00e1rez para aguardar el desarrollo de los protocolos correspondientes.<\/p>\n","protected":false},"excerpt":{"rendered":"<p>Xalapa, Ver.- Este jueves, alrededor de las 8:40 horas se realiz\u00f3 la evacuaci\u00f3n precautoria del personal que labora en las distintas oficinas de Palacio Municipal debido a un sismo de 6.2 grados en la escala de Richter. El fen\u00f3meno cuyo epicentro se localiz\u00f3 a 2 kil\u00f3metros al sureste del municipio de Isla, Veracruz, fue perceptible [&hellip;]<\/p>\n","protected":false},"author":1,"featured_media":24202,"comment_status":"open","ping_status":"open","sticky":false,"template":"","format":"standard","meta":{"_jetpack_memberships_contains_paid_content":false,"footnotes":""},"categories":[3],"tags":[],"class_list":["post-24201","post","type-post","status-publish","format-standard","has-post-thumbnail","hentry","category-xalapa"],"jetpack_featured_media_url":"https:\/\/encuentroinformativo.com.mx\/wp-content\/uploads\/2022\/03\/771E9FC2-E7CF-46DD-A2FB-33EB511B9590.jpeg","jetpack_sharing_enabled":true,"jetpack_likes_enabled":true,"amp_enabled":true,"_links":{"self":[{"href":"https:\/\/encuentroinformativo.com.mx\/index.php?rest_route=\/wp\/v2\/posts\/24201","targetHints":{"allow":["GET"]}}],"collection":[{"href":"https:\/\/encuentroinformativo.com.mx\/index.php?rest_route=\/wp\/v2\/posts"}],"about":[{"href":"https:\/\/encuentroinformativo.com.mx\/index.php?rest_route=\/wp\/v2\/types\/post"}],"author":[{"embeddable":true,"href":"https:\/\/encuentroinformativo.com.mx\/index.php?rest_route=\/wp\/v2\/users\/1"}],"replies":[{"embeddable":true,"href":"https:\/\/encuentroinformativo.com.mx\/index.php?rest_route=%2Fwp%2Fv2%2Fcomments&post=24201"}],"version-history":[{"count":1,"href":"https:\/\/encuentroinformativo.com.mx\/index.php?rest_route=\/wp\/v2\/posts\/24201\/revisions"}],"predecessor-version":[{"id":24203,"href":"https:\/\/encuentroinformativo.com.mx\/index.php?rest_route=\/wp\/v2\/posts\/24201\/revisions\/24203"}],"wp:featuredmedia":[{"embeddable":true,"href":"https:\/\/encuentroinformativo.com.mx\/index.php?rest_route=\/wp\/v2\/media\/24202"}],"wp:attachment":[{"href":"https:\/\/encuentroinformativo.com.mx\/index.php?rest_route=%2Fwp%2Fv2%2Fmedia&parent=24201"}],"wp:term":[{"taxonomy":"category","embeddable":true,"href":"https:\/\/encuentroinformativo.com.mx\/index.php?rest_route=%2Fwp%2Fv2%2Fcategories&post=24201"},{"taxonomy":"post_tag","embeddable":true,"href":"https:\/\/encuentroinformativo.com.mx\/index.php?rest_route=%2Fwp%2Fv2%2Ftags&post=24201"}],"curies":[{"name":"wp","href":"https:\/\/api.w.org\/{rel}","templated":true}]}}