{"id":24218,"date":"2022-03-03T13:53:19","date_gmt":"2022-03-03T19:53:19","guid":{"rendered":"https:\/\/encuentroinformativo.com.mx\/?p=24218"},"modified":"2022-03-03T13:53:23","modified_gmt":"2022-03-03T19:53:23","slug":"fge-carece-de-interpretes-de-lenguaje-de-senas-hay-152-casos-en-proceso","status":"publish","type":"post","link":"https:\/\/encuentroinformativo.com.mx\/?p=24218","title":{"rendered":"FGE carece de int\u00e9rpretes de lenguaje de se\u00f1as, hay 152 casos en proceso"},"content":{"rendered":"\n<p><strong>Alejandro \u00c1vila<\/strong><\/p>\n\n\n\n<p>Veracruz, Ver.- La Fiscal\u00eda General del Estado de Veracruz (FGE) carece de un int\u00e9rprete de lenguaje de se\u00f1as, por lo cual se complican las denuncias de personas con discapacidad auditiva cuando sufren de violencia de g\u00e9nero.<\/p>\n\n\n\n<p>Belem Paredes, presidenta de la Fundaci\u00f3n ADEMM, mencion\u00f3 que al momento cuentan con 152 procesos jur\u00eddicos y de ayuda psicol\u00f3gica, a mujeres con discapacidad auditiva que han sido vulnerada.<\/p>\n\n\n\n<p>Acus\u00f3 que las afectadas les han se\u00f1alado qu\u00e9, para poder proceder con su denuncia, personal de la Fiscal\u00eda General del Estado (FGE) les ha solicitado que ellas mismas busquen a sus int\u00e9rpretes.<\/p>\n\n\n\n<p>&#8220;El a\u00f1o pasado tuvimos m\u00e1s de 10 casos, fue el a\u00f1o donde m\u00e1s casos tuvimos, creemos que fue por el tema de la pandemia, esto acrecent\u00f3 a que la violencia, pues yo creo que no solo en los hogares de las mujeres sordas, si no en la mayor\u00eda de los hogares se visibilizara m\u00e1s, as\u00ed que por desgracia el a\u00f1o pasado tuvimos un alza representativa&#8221;, mencion\u00f3 la activista.<\/p>\n\n\n\n<p>De la misma manera se\u00f1al\u00f3 que la Fundaci\u00f3n ADEMM, tambi\u00e9n de atenci\u00f3n a mujeres, madres solteras en situaci\u00f3n de abandono, mismas que tras haber perdido a su familia o haberse separado de su marido, se encontraban vulnerables, y fueron acreedoras de apoyos alimenticios<\/p>\n\n\n\n<p>Bel\u00e9m Paredes mencion\u00f3 qu\u00e9, la Fundaci\u00f3n ADEMM, da atenci\u00f3n en general, a mujeres con violencia f\u00edsica, psicol\u00f3gica, econ\u00f3mica y de discriminaci\u00f3n por parte de sus familiares.<\/p>\n","protected":false},"excerpt":{"rendered":"<p>Alejandro \u00c1vila Veracruz, Ver.- La Fiscal\u00eda General del Estado de Veracruz (FGE) carece de un int\u00e9rprete de lenguaje de se\u00f1as, por lo cual se complican las denuncias de personas con discapacidad auditiva cuando sufren de violencia de g\u00e9nero. Belem Paredes, presidenta de la Fundaci\u00f3n ADEMM, mencion\u00f3 que al momento cuentan con 152 procesos jur\u00eddicos y [&hellip;]<\/p>\n","protected":false},"author":1,"featured_media":24219,"comment_status":"open","ping_status":"open","sticky":false,"template":"","format":"standard","meta":{"_jetpack_memberships_contains_paid_content":false,"footnotes":""},"categories":[2],"tags":[],"class_list":["post-24218","post","type-post","status-publish","format-standard","has-post-thumbnail","hentry","category-estado"],"jetpack_featured_media_url":"https:\/\/encuentroinformativo.com.mx\/wp-content\/uploads\/2022\/03\/4E4D2228-22A1-4575-AD67-98BB72B523FF.jpeg","jetpack_sharing_enabled":true,"jetpack_likes_enabled":true,"amp_enabled":true,"_links":{"self":[{"href":"https:\/\/encuentroinformativo.com.mx\/index.php?rest_route=\/wp\/v2\/posts\/24218","targetHints":{"allow":["GET"]}}],"collection":[{"href":"https:\/\/encuentroinformativo.com.mx\/index.php?rest_route=\/wp\/v2\/posts"}],"about":[{"href":"https:\/\/encuentroinformativo.com.mx\/index.php?rest_route=\/wp\/v2\/types\/post"}],"author":[{"embeddable":true,"href":"https:\/\/encuentroinformativo.com.mx\/index.php?rest_route=\/wp\/v2\/users\/1"}],"replies":[{"embeddable":true,"href":"https:\/\/encuentroinformativo.com.mx\/index.php?rest_route=%2Fwp%2Fv2%2Fcomments&post=24218"}],"version-history":[{"count":1,"href":"https:\/\/encuentroinformativo.com.mx\/index.php?rest_route=\/wp\/v2\/posts\/24218\/revisions"}],"predecessor-version":[{"id":24220,"href":"https:\/\/encuentroinformativo.com.mx\/index.php?rest_route=\/wp\/v2\/posts\/24218\/revisions\/24220"}],"wp:featuredmedia":[{"embeddable":true,"href":"https:\/\/encuentroinformativo.com.mx\/index.php?rest_route=\/wp\/v2\/media\/24219"}],"wp:attachment":[{"href":"https:\/\/encuentroinformativo.com.mx\/index.php?rest_route=%2Fwp%2Fv2%2Fmedia&parent=24218"}],"wp:term":[{"taxonomy":"category","embeddable":true,"href":"https:\/\/encuentroinformativo.com.mx\/index.php?rest_route=%2Fwp%2Fv2%2Fcategories&post=24218"},{"taxonomy":"post_tag","embeddable":true,"href":"https:\/\/encuentroinformativo.com.mx\/index.php?rest_route=%2Fwp%2Fv2%2Ftags&post=24218"}],"curies":[{"name":"wp","href":"https:\/\/api.w.org\/{rel}","templated":true}]}}