{"id":24221,"date":"2022-03-03T14:02:53","date_gmt":"2022-03-03T20:02:53","guid":{"rendered":"https:\/\/encuentroinformativo.com.mx\/?p=24221"},"modified":"2022-03-03T14:02:56","modified_gmt":"2022-03-03T20:02:56","slug":"en-tuxpan-feministas-colocan-la-cajita-de-denuncias","status":"publish","type":"post","link":"https:\/\/encuentroinformativo.com.mx\/?p=24221","title":{"rendered":"En Tuxpan, feministas colocan &#8220;La cajita de Denuncias&#8221;"},"content":{"rendered":"\n<p><strong>Alejandro \u00c1vila<\/strong><\/p>\n\n\n\n<p>Tuxpan, Ver.- Los colectivos feministas establecidos en el municipio de Tuxpan de Rodr\u00edguez Cano, colocaron a partir de este mi\u00e9rcoles 2 de marzo en el parque Reforma &#8220;La Cajita de Denuncias&#8221;.<\/p>\n\n\n\n<p>El objetivo de esta din\u00e1mica es que, las mujeres que han sido vulneradas en la cabecera municipal y los alrededores puedan denunciar sus casos de manera an\u00f3nima; posteriormente estas situaciones ser\u00e1n presentadas ante diversas autoridades para que les puedan brindar asesor\u00eda jur\u00eddica y psicol\u00f3gica.<\/p>\n\n\n\n<p>A decir de las activistas, el porcentaje de violencia f\u00edsica, psicol\u00f3gica y econ\u00f3mica, ha incrementado exponencialmente en el municipio durante los \u00faltimos a\u00f1os, por lo que se busca que las autoridades pongan especial atenci\u00f3n en este tipo de situaciones; de la misma manera, exhortaron a que se profesionalice a los encargados del Instituto Municipal de la Mujer, para que puedan atender de manera correcta las v\u00edctimas.<\/p>\n\n\n\n<p>Reiteraron que la violencia que m\u00e1s es denunciada, es la que se sufre en el noviazgo, en la escuela o en las calles, siendo esta la violencia que en ocasiones pasa de los golpes al feminicidio, por ello el llamado a las mujeres a denunciar y no quedarse calladas.&nbsp;<\/p>\n\n\n\n<p>\u201cQueremos ser la voz de esta mujeres, queremos hacerles sentir que no est\u00e1n solas, por eso se colocaron las leyendas &#8216;Grita Hermana&#8217;, &#8216;Ni una m\u00e1s&#8217;, &#8216;Calladita no me veo m\u00e1s bonita&#8217; y &#8216;No les des la comodidad de tu silencio&#8217;, entre otras\u201d, mencionaron las feministas.<\/p>\n\n\n\n<p>Durante la semana se tienen preparados otros eventos y actividades previos al 8M (D\u00eda Internacional de la Mujer).<\/p>\n","protected":false},"excerpt":{"rendered":"<p>Alejandro \u00c1vila Tuxpan, Ver.- Los colectivos feministas establecidos en el municipio de Tuxpan de Rodr\u00edguez Cano, colocaron a partir de este mi\u00e9rcoles 2 de marzo en el parque Reforma &#8220;La Cajita de Denuncias&#8221;. El objetivo de esta din\u00e1mica es que, las mujeres que han sido vulneradas en la cabecera municipal y los alrededores puedan denunciar [&hellip;]<\/p>\n","protected":false},"author":1,"featured_media":24222,"comment_status":"open","ping_status":"open","sticky":false,"template":"","format":"standard","meta":{"_jetpack_memberships_contains_paid_content":false,"footnotes":""},"categories":[2],"tags":[],"class_list":["post-24221","post","type-post","status-publish","format-standard","has-post-thumbnail","hentry","category-estado"],"jetpack_featured_media_url":"https:\/\/encuentroinformativo.com.mx\/wp-content\/uploads\/2022\/03\/856685F6-8D76-4B52-8F3E-403DC5C433C5.jpeg","jetpack_sharing_enabled":true,"jetpack_likes_enabled":true,"amp_enabled":true,"_links":{"self":[{"href":"https:\/\/encuentroinformativo.com.mx\/index.php?rest_route=\/wp\/v2\/posts\/24221","targetHints":{"allow":["GET"]}}],"collection":[{"href":"https:\/\/encuentroinformativo.com.mx\/index.php?rest_route=\/wp\/v2\/posts"}],"about":[{"href":"https:\/\/encuentroinformativo.com.mx\/index.php?rest_route=\/wp\/v2\/types\/post"}],"author":[{"embeddable":true,"href":"https:\/\/encuentroinformativo.com.mx\/index.php?rest_route=\/wp\/v2\/users\/1"}],"replies":[{"embeddable":true,"href":"https:\/\/encuentroinformativo.com.mx\/index.php?rest_route=%2Fwp%2Fv2%2Fcomments&post=24221"}],"version-history":[{"count":1,"href":"https:\/\/encuentroinformativo.com.mx\/index.php?rest_route=\/wp\/v2\/posts\/24221\/revisions"}],"predecessor-version":[{"id":24223,"href":"https:\/\/encuentroinformativo.com.mx\/index.php?rest_route=\/wp\/v2\/posts\/24221\/revisions\/24223"}],"wp:featuredmedia":[{"embeddable":true,"href":"https:\/\/encuentroinformativo.com.mx\/index.php?rest_route=\/wp\/v2\/media\/24222"}],"wp:attachment":[{"href":"https:\/\/encuentroinformativo.com.mx\/index.php?rest_route=%2Fwp%2Fv2%2Fmedia&parent=24221"}],"wp:term":[{"taxonomy":"category","embeddable":true,"href":"https:\/\/encuentroinformativo.com.mx\/index.php?rest_route=%2Fwp%2Fv2%2Fcategories&post=24221"},{"taxonomy":"post_tag","embeddable":true,"href":"https:\/\/encuentroinformativo.com.mx\/index.php?rest_route=%2Fwp%2Fv2%2Ftags&post=24221"}],"curies":[{"name":"wp","href":"https:\/\/api.w.org\/{rel}","templated":true}]}}