{"id":24224,"date":"2022-03-03T14:33:39","date_gmt":"2022-03-03T20:33:39","guid":{"rendered":"https:\/\/encuentroinformativo.com.mx\/?p=24224"},"modified":"2022-03-03T14:33:43","modified_gmt":"2022-03-03T20:33:43","slug":"nombran-alcalde-de-medellin-de-bravo-presidente-del-consejo-de-economia","status":"publish","type":"post","link":"https:\/\/encuentroinformativo.com.mx\/?p=24224","title":{"rendered":"Nombran alcalde de Medell\u00edn de Bravo presidente del Consejo de Econom\u00eda"},"content":{"rendered":"\n<p><strong>Alejandro \u00c1vila<\/strong><\/p>\n\n\n\n<p>Medell\u00edn de Bravo, Ver.- El gobernador, Cuitl\u00e1huac Garc\u00eda Jim\u00e9nez, le tom\u00f3 protesta al alcalde de Medell\u00edn de Bravo, Marcos Isle\u00f1o Andrade, como presidente del Consejo de Econom\u00eda en la regi\u00f3n Sotavento.<\/p>\n\n\n\n<p>En ceremonia virtual realizada este mi\u00e9rcoles por la tarde, el Ejecutivo Estatal conmin\u00f3 al alcalde de Medell\u00edn de Bravo a coordinarse con sus hom\u00f3logos en la regi\u00f3n Sotavento, para afianzar la econom\u00eda de la regi\u00f3n.<\/p>\n\n\n\n<p>En breve evento protocolario, Garc\u00eda Jim\u00e9nez se\u00f1al\u00f3 que, se busca generar sinergias efectivas entre los tres niveles de gobierno y los sectores productivos, para concretar el desarrollo econ\u00f3mico y social de cada regi\u00f3n de Veracruz.<\/p>\n\n\n\n<p>La funci\u00f3n del alcalde de Medell\u00edn de Bravo ser\u00e1 coordinar a sus 12 hom\u00f3logos de la Regi\u00f3n del Sotavento para aplicar estrategias que faciliten la operaci\u00f3n de las empresas desde la legislaci\u00f3n municipal, gestionar est\u00edmulos econ\u00f3micos con el Estado y la Federaci\u00f3n, y fomentar las inversiones en la zona que le corresponde.<\/p>\n\n\n\n<p>Los municipios que integran este consejo son: Medell\u00edn de Bravo, Veracruz, Boca del R\u00edo, Tlalixcoyan, Paso de Ovejas, \u00darsulo Galv\u00e1n, Soledad de Doblado, La Antigua, Manlio Fabio Altamirano, Puente Nacional, Cotaxtla y Jamapa.<\/p>\n","protected":false},"excerpt":{"rendered":"<p>Alejandro \u00c1vila Medell\u00edn de Bravo, Ver.- El gobernador, Cuitl\u00e1huac Garc\u00eda Jim\u00e9nez, le tom\u00f3 protesta al alcalde de Medell\u00edn de Bravo, Marcos Isle\u00f1o Andrade, como presidente del Consejo de Econom\u00eda en la regi\u00f3n Sotavento. En ceremonia virtual realizada este mi\u00e9rcoles por la tarde, el Ejecutivo Estatal conmin\u00f3 al alcalde de Medell\u00edn de Bravo a coordinarse con [&hellip;]<\/p>\n","protected":false},"author":1,"featured_media":24225,"comment_status":"open","ping_status":"open","sticky":false,"template":"","format":"standard","meta":{"_jetpack_memberships_contains_paid_content":false,"footnotes":""},"categories":[2],"tags":[],"class_list":["post-24224","post","type-post","status-publish","format-standard","has-post-thumbnail","hentry","category-estado"],"jetpack_featured_media_url":"https:\/\/encuentroinformativo.com.mx\/wp-content\/uploads\/2022\/03\/963F742A-C2BD-422B-8FEF-6550324FA218.jpeg","jetpack_sharing_enabled":true,"jetpack_likes_enabled":true,"amp_enabled":true,"_links":{"self":[{"href":"https:\/\/encuentroinformativo.com.mx\/index.php?rest_route=\/wp\/v2\/posts\/24224","targetHints":{"allow":["GET"]}}],"collection":[{"href":"https:\/\/encuentroinformativo.com.mx\/index.php?rest_route=\/wp\/v2\/posts"}],"about":[{"href":"https:\/\/encuentroinformativo.com.mx\/index.php?rest_route=\/wp\/v2\/types\/post"}],"author":[{"embeddable":true,"href":"https:\/\/encuentroinformativo.com.mx\/index.php?rest_route=\/wp\/v2\/users\/1"}],"replies":[{"embeddable":true,"href":"https:\/\/encuentroinformativo.com.mx\/index.php?rest_route=%2Fwp%2Fv2%2Fcomments&post=24224"}],"version-history":[{"count":1,"href":"https:\/\/encuentroinformativo.com.mx\/index.php?rest_route=\/wp\/v2\/posts\/24224\/revisions"}],"predecessor-version":[{"id":24226,"href":"https:\/\/encuentroinformativo.com.mx\/index.php?rest_route=\/wp\/v2\/posts\/24224\/revisions\/24226"}],"wp:featuredmedia":[{"embeddable":true,"href":"https:\/\/encuentroinformativo.com.mx\/index.php?rest_route=\/wp\/v2\/media\/24225"}],"wp:attachment":[{"href":"https:\/\/encuentroinformativo.com.mx\/index.php?rest_route=%2Fwp%2Fv2%2Fmedia&parent=24224"}],"wp:term":[{"taxonomy":"category","embeddable":true,"href":"https:\/\/encuentroinformativo.com.mx\/index.php?rest_route=%2Fwp%2Fv2%2Fcategories&post=24224"},{"taxonomy":"post_tag","embeddable":true,"href":"https:\/\/encuentroinformativo.com.mx\/index.php?rest_route=%2Fwp%2Fv2%2Ftags&post=24224"}],"curies":[{"name":"wp","href":"https:\/\/api.w.org\/{rel}","templated":true}]}}