{"id":24227,"date":"2022-03-03T14:53:35","date_gmt":"2022-03-03T20:53:35","guid":{"rendered":"https:\/\/encuentroinformativo.com.mx\/?p=24227"},"modified":"2022-03-03T14:53:39","modified_gmt":"2022-03-03T20:53:39","slug":"da-a-conocer-comision-de-seguridad-publica-los-objetivos-para-este-ano","status":"publish","type":"post","link":"https:\/\/encuentroinformativo.com.mx\/?p=24227","title":{"rendered":"Da a conocer Comisi\u00f3n de Seguridad P\u00fablica los objetivos para este a\u00f1o"},"content":{"rendered":"\n<p><strong>*Los diputados Roberto Francisco San Rom\u00e1n y Sergio Lenin Guzm\u00e1n, as\u00ed como la diputada Maribel Ram\u00edrez, aprueban el Programa Anual de Actividades de esta instancia legislativa.<\/strong><\/p>\n\n\n\n<p>Xalapa, Ver.- Con la finalidad de contar con la herramienta adecuada para alcanzar objetivos claros y concisos, la Comisi\u00f3n Permanente de Seguridad P\u00fablica de la LXVI Legislatura, integrada por los diputados Roberto Francisco San Rom\u00e1n Solana y Sergio Lenin Guzm\u00e1n Ricardez, as\u00ed como por la legisladora Maribel Ram\u00edrez Topete, presidente, secretario y vocal, respectivamente, present\u00f3 y aprob\u00f3 su Programa Anual de Actividades.<\/p>\n\n\n\n<p>En reuni\u00f3n y con la presencia del titular de la Secretar\u00eda de Seguridad P\u00fablica (SSP) estatal, Hugo Guti\u00e9rrez Maldonado, y del presidente de la Junta de Coordinaci\u00f3n Pol\u00edtica (Jucopo), diputado Juan Javier G\u00f3mez Cazar\u00edn, la Comisi\u00f3n sesion\u00f3 para dar cumplimiento a lo dispuesto en la fracci\u00f3n IV del art\u00edculo 57 del Reglamento para el Gobierno Interior del Poder Legislativo del Estado de Veracruz de Ignacio de la Llave y as\u00ed contar con este documento, que ser\u00e1 el eje rector de las actividades a desarrollar.<\/p>\n\n\n\n<p>De esta manera, los diputados y la diputada coincidieron en los objetivos espec\u00edficos de esta instancia legislativa; entre los que se encuentran analizar posibles estudios o diagn\u00f3sticos en materia de seguridad p\u00fablica, a fin de implementar propuestas de armonizaci\u00f3n legislativa.<\/p>\n\n\n\n<p>Tambi\u00e9n, realizar reuniones con las autoridades de seguridad p\u00fablica, estatal o municipal y, en su caso, solicitar a los servidores p\u00fablicos encargados de estas instancias la comparecencia, informaci\u00f3n y aclaraci\u00f3n sobre los diversos asuntos.<\/p>\n\n\n\n<p>Adem\u00e1s, cuando haya iniciativas relativas a seguridad p\u00fablica, se solicitar\u00eda a las autoridades especializadas la elaboraci\u00f3n y remisi\u00f3n de los estudios de impacto presupuestal, con el prop\u00f3sito de verificar su viabilidad econ\u00f3mica.<\/p>\n\n\n\n<p>Se consultar\u00e1 a los sectores p\u00fablico, privado, acad\u00e9mico y sociedad civil, cuando as\u00ed lo requiera el despacho y resoluci\u00f3n de asuntos con naturaleza de seguridad p\u00fablica, y se organizar\u00e1n eventos, en colaboraci\u00f3n con los gobiernos municipales, estatal y federal, as\u00ed como con la sociedad civil organizada, a fin de enriquecer los trabajos de la Comisi\u00f3n.<\/p>\n\n\n\n<p>Entre los objetivos generales, los legisladores y la legisladora aprobaron analizar y, en su caso, dictaminar los asuntos que les sean turnados por la Mesa Directiva del Pleno o de la Diputaci\u00f3n Permanente, respecto a los rubros de la materia, realizando para ello las sesiones que sean necesarias, mismas que tendr\u00e1n el car\u00e1cter de p\u00fablicas, salvo las disposiciones reglamentarias.<\/p>\n\n\n\n<p>Previamente, los integrantes de la Comisi\u00f3n realizaron una reuni\u00f3n con el Secretario de Seguridad P\u00fablica, la presidenta de la Mesa Directiva de esta LXVI Legislatura, diputada Cecilia Guevara, y el legislador Juan Javier G\u00f3mez Cazar\u00edn.<\/p>\n","protected":false},"excerpt":{"rendered":"<p>*Los diputados Roberto Francisco San Rom\u00e1n y Sergio Lenin Guzm\u00e1n, as\u00ed como la diputada Maribel Ram\u00edrez, aprueban el Programa Anual de Actividades de esta instancia legislativa. Xalapa, Ver.- Con la finalidad de contar con la herramienta adecuada para alcanzar objetivos claros y concisos, la Comisi\u00f3n Permanente de Seguridad P\u00fablica de la LXVI Legislatura, integrada por [&hellip;]<\/p>\n","protected":false},"author":1,"featured_media":24228,"comment_status":"open","ping_status":"open","sticky":false,"template":"","format":"standard","meta":{"_jetpack_memberships_contains_paid_content":false,"footnotes":""},"categories":[2],"tags":[],"class_list":["post-24227","post","type-post","status-publish","format-standard","has-post-thumbnail","hentry","category-estado"],"jetpack_featured_media_url":"https:\/\/encuentroinformativo.com.mx\/wp-content\/uploads\/2022\/03\/7CA31E7F-A2ED-4B32-8276-D396AF7DC70A.jpeg","jetpack_sharing_enabled":true,"jetpack_likes_enabled":true,"amp_enabled":true,"_links":{"self":[{"href":"https:\/\/encuentroinformativo.com.mx\/index.php?rest_route=\/wp\/v2\/posts\/24227","targetHints":{"allow":["GET"]}}],"collection":[{"href":"https:\/\/encuentroinformativo.com.mx\/index.php?rest_route=\/wp\/v2\/posts"}],"about":[{"href":"https:\/\/encuentroinformativo.com.mx\/index.php?rest_route=\/wp\/v2\/types\/post"}],"author":[{"embeddable":true,"href":"https:\/\/encuentroinformativo.com.mx\/index.php?rest_route=\/wp\/v2\/users\/1"}],"replies":[{"embeddable":true,"href":"https:\/\/encuentroinformativo.com.mx\/index.php?rest_route=%2Fwp%2Fv2%2Fcomments&post=24227"}],"version-history":[{"count":1,"href":"https:\/\/encuentroinformativo.com.mx\/index.php?rest_route=\/wp\/v2\/posts\/24227\/revisions"}],"predecessor-version":[{"id":24229,"href":"https:\/\/encuentroinformativo.com.mx\/index.php?rest_route=\/wp\/v2\/posts\/24227\/revisions\/24229"}],"wp:featuredmedia":[{"embeddable":true,"href":"https:\/\/encuentroinformativo.com.mx\/index.php?rest_route=\/wp\/v2\/media\/24228"}],"wp:attachment":[{"href":"https:\/\/encuentroinformativo.com.mx\/index.php?rest_route=%2Fwp%2Fv2%2Fmedia&parent=24227"}],"wp:term":[{"taxonomy":"category","embeddable":true,"href":"https:\/\/encuentroinformativo.com.mx\/index.php?rest_route=%2Fwp%2Fv2%2Fcategories&post=24227"},{"taxonomy":"post_tag","embeddable":true,"href":"https:\/\/encuentroinformativo.com.mx\/index.php?rest_route=%2Fwp%2Fv2%2Ftags&post=24227"}],"curies":[{"name":"wp","href":"https:\/\/api.w.org\/{rel}","templated":true}]}}