{"id":24233,"date":"2022-03-03T12:16:31","date_gmt":"2022-03-03T18:16:31","guid":{"rendered":"https:\/\/encuentroinformativo.com.mx\/?p=24233"},"modified":"2022-03-03T15:24:15","modified_gmt":"2022-03-03T21:24:15","slug":"disputa-panista-pone-en-riesgo-elecciones-extraordinarias","status":"publish","type":"post","link":"https:\/\/encuentroinformativo.com.mx\/?p=24233","title":{"rendered":"Disputa panista pone en riesgo elecciones extraordinarias"},"content":{"rendered":"\n<p><strong>Dar\u00edo Pale <\/strong><\/p>\n\n\n\n<p>Xalapa, Ver.- Joaqu\u00edn Rosendo Guzm\u00e1n Avil\u00e9s, Candidato a Presidente del CDE del PAN de Veracruz, dio a conocer que, el partido est\u00e1 desprotegido en elecciones extraordinarias, podr\u00edan perder los municipios.<\/p>\n\n\n\n<p>En entrevista se\u00f1al\u00f3 que, el hecho de que no haya un Presidente en el Comit\u00e9 Directivo Estatal, se quedan desprotegidos a los candidatos panistas en los municipios donde habr\u00e1 elecciones extraordinarias.<\/p>\n\n\n\n<p>Record\u00f3 que el pr\u00f3ximo 27 de marzo se repetir\u00e1n las elecciones en los municipios de Chiconamel, Tlacotepec de Mej\u00eda, Chiconamel y Jes\u00fas Carranza, pero al no haber un dirigente que los apoye, podr\u00eda afectar los resultados del proceso electoral para el partido.<\/p>\n\n\n\n<p>\u201cDesprotegidos los candidatos y sin posibilidad de acceder a ser candidatos\u201d, se\u00f1al\u00f3.<\/p>\n\n\n\n<p>Cabe recordar que la Presidencia de Federico Salom\u00f3n fue revocada por el Tribunal Estatal Electoral, y gir\u00f3 instrucciones para que se repitieran las elecciones y la situaci\u00f3n en el partido volviera a como estaban el pasado 7 de diciembre del 2021.<\/p>\n\n\n\n<p>Sin embargo al no estar de acuerdo con la resoluci\u00f3n el equipo de Federico Salom\u00f3n cerr\u00f3 con candados y cadenas las oficinas del PAN Estatal, el cual se encuentra ac\u00e9falo y en espera de que el CEN del PAN, determine quien estar\u00e1 a cargo de manera interina.<\/p>\n\n\n\n<p>Ante ello, dijo que la soluci\u00f3n es que el Comit\u00e9 Ejecutivo Nacional del PAN tome en cuenta la solicitud de Guilebaldo Garc\u00eda Zenil, como Presidente Interino de Acci\u00f3n Nacional en Veracruz.<\/p>\n\n\n\n<p>\u201cQue le den nuevamente entrada a Garc\u00eda Zenil y que inicie con la vida interna de Acci\u00f3n Nacional. Estos cuatro procesos se pasar\u00edan en blanco si no se lleva a cabo la instrucci\u00f3n de que ya terminaron los plazos de inscripci\u00f3n de los candidatos\u201d.<\/p>\n\n\n\n<p>Finalmente lament\u00f3 que el PAN pueda tener malos resultados en las elecciones extraordinarias debido a la situaci\u00f3n legal interna por la que atraviesan.<\/p>\n","protected":false},"excerpt":{"rendered":"<p>Dar\u00edo Pale Xalapa, Ver.- Joaqu\u00edn Rosendo Guzm\u00e1n Avil\u00e9s, Candidato a Presidente del CDE del PAN de Veracruz, dio a conocer que, el partido est\u00e1 desprotegido en elecciones extraordinarias, podr\u00edan perder los municipios. En entrevista se\u00f1al\u00f3 que, el hecho de que no haya un Presidente en el Comit\u00e9 Directivo Estatal, se quedan desprotegidos a los candidatos [&hellip;]<\/p>\n","protected":false},"author":1,"featured_media":24234,"comment_status":"open","ping_status":"open","sticky":false,"template":"","format":"standard","meta":{"_jetpack_memberships_contains_paid_content":false,"footnotes":""},"categories":[2],"tags":[],"class_list":["post-24233","post","type-post","status-publish","format-standard","has-post-thumbnail","hentry","category-estado"],"jetpack_featured_media_url":"https:\/\/encuentroinformativo.com.mx\/wp-content\/uploads\/2022\/03\/D5F6738B-EEDD-414F-9256-10D2EEA8DF1E.jpeg","jetpack_sharing_enabled":true,"jetpack_likes_enabled":true,"amp_enabled":true,"_links":{"self":[{"href":"https:\/\/encuentroinformativo.com.mx\/index.php?rest_route=\/wp\/v2\/posts\/24233","targetHints":{"allow":["GET"]}}],"collection":[{"href":"https:\/\/encuentroinformativo.com.mx\/index.php?rest_route=\/wp\/v2\/posts"}],"about":[{"href":"https:\/\/encuentroinformativo.com.mx\/index.php?rest_route=\/wp\/v2\/types\/post"}],"author":[{"embeddable":true,"href":"https:\/\/encuentroinformativo.com.mx\/index.php?rest_route=\/wp\/v2\/users\/1"}],"replies":[{"embeddable":true,"href":"https:\/\/encuentroinformativo.com.mx\/index.php?rest_route=%2Fwp%2Fv2%2Fcomments&post=24233"}],"version-history":[{"count":1,"href":"https:\/\/encuentroinformativo.com.mx\/index.php?rest_route=\/wp\/v2\/posts\/24233\/revisions"}],"predecessor-version":[{"id":24235,"href":"https:\/\/encuentroinformativo.com.mx\/index.php?rest_route=\/wp\/v2\/posts\/24233\/revisions\/24235"}],"wp:featuredmedia":[{"embeddable":true,"href":"https:\/\/encuentroinformativo.com.mx\/index.php?rest_route=\/wp\/v2\/media\/24234"}],"wp:attachment":[{"href":"https:\/\/encuentroinformativo.com.mx\/index.php?rest_route=%2Fwp%2Fv2%2Fmedia&parent=24233"}],"wp:term":[{"taxonomy":"category","embeddable":true,"href":"https:\/\/encuentroinformativo.com.mx\/index.php?rest_route=%2Fwp%2Fv2%2Fcategories&post=24233"},{"taxonomy":"post_tag","embeddable":true,"href":"https:\/\/encuentroinformativo.com.mx\/index.php?rest_route=%2Fwp%2Fv2%2Ftags&post=24233"}],"curies":[{"name":"wp","href":"https:\/\/api.w.org\/{rel}","templated":true}]}}