{"id":24239,"date":"2022-03-03T15:32:20","date_gmt":"2022-03-03T21:32:20","guid":{"rendered":"https:\/\/encuentroinformativo.com.mx\/?p=24239"},"modified":"2022-03-03T15:32:24","modified_gmt":"2022-03-03T21:32:24","slug":"persisten-casos-de-jovenes-desaparecidos","status":"publish","type":"post","link":"https:\/\/encuentroinformativo.com.mx\/?p=24239","title":{"rendered":"Persisten casos de j\u00f3venes desaparecidos"},"content":{"rendered":"\n<p><strong>Juan Arcos<\/strong> <\/p>\n\n\n\n<p>Xalapa, Ver.- En el estado de Veracruz, sobre todo en la regi\u00f3n capital, contin\u00faan registr\u00e1ndose desapariciones forzadas, revelan integrantes de colectivos de familiares de desaparecidos.<\/p>\n\n\n\n<p>De acuerdo con Fabiola Pensado Barrera, quien busca a su hijo Argenis Yoshimar Pensado Barrera desde el 16 de marzo de 2014, el problema contin\u00faa en aumento durante este 2022.<\/p>\n\n\n\n<p>La integrante de los colectivos Familiares en B\u00fasqueda Mar\u00eda Herrera Xalapa y Familiares Enlaces Xalapa coment\u00f3 que a la semana se han contabilizado, en promedio, uno o dos casos.<\/p>\n\n\n\n<p>\u201cEs un problema que no ha bajado, no ha parado y esto sigue. Yo cada semana veo por lo menos uno o dos casos y es muy preocupante\u201d, expres\u00f3.<\/p>\n\n\n\n<p>Se trata de personas, de entre 15 y 26 a\u00f1os, quienes han estado desapareciendo en la entidad veracruzana.<\/p>\n\n\n\n<p>La entrevistada menciona que hay casos registrados en los municipios de Emiliano Zapata, Puente Nacional, Banderilla, Coatepec, Xico, Teocelo, Tlaltetela, Xalapa y el puerto de Veracruz.<\/p>\n\n\n\n<p>\u201cHe visto fichas de desaparecidos, de todos esos lugares cercanos a Xalapa. La mayor\u00eda de desaparecidos siguen siendo los muchachos, los m\u00e1s vulnerables\u201d, enfatiz\u00f3.<\/p>\n","protected":false},"excerpt":{"rendered":"<p>Juan Arcos Xalapa, Ver.- En el estado de Veracruz, sobre todo en la regi\u00f3n capital, contin\u00faan registr\u00e1ndose desapariciones forzadas, revelan integrantes de colectivos de familiares de desaparecidos. De acuerdo con Fabiola Pensado Barrera, quien busca a su hijo Argenis Yoshimar Pensado Barrera desde el 16 de marzo de 2014, el problema contin\u00faa en aumento durante [&hellip;]<\/p>\n","protected":false},"author":1,"featured_media":24240,"comment_status":"open","ping_status":"open","sticky":false,"template":"","format":"standard","meta":{"_jetpack_memberships_contains_paid_content":false,"footnotes":""},"categories":[3],"tags":[],"class_list":["post-24239","post","type-post","status-publish","format-standard","has-post-thumbnail","hentry","category-xalapa"],"jetpack_featured_media_url":"https:\/\/encuentroinformativo.com.mx\/wp-content\/uploads\/2022\/03\/9F031AB7-0BFB-49C2-AFB3-B86F1EE6F3E2.jpeg","jetpack_sharing_enabled":true,"jetpack_likes_enabled":true,"amp_enabled":true,"_links":{"self":[{"href":"https:\/\/encuentroinformativo.com.mx\/index.php?rest_route=\/wp\/v2\/posts\/24239","targetHints":{"allow":["GET"]}}],"collection":[{"href":"https:\/\/encuentroinformativo.com.mx\/index.php?rest_route=\/wp\/v2\/posts"}],"about":[{"href":"https:\/\/encuentroinformativo.com.mx\/index.php?rest_route=\/wp\/v2\/types\/post"}],"author":[{"embeddable":true,"href":"https:\/\/encuentroinformativo.com.mx\/index.php?rest_route=\/wp\/v2\/users\/1"}],"replies":[{"embeddable":true,"href":"https:\/\/encuentroinformativo.com.mx\/index.php?rest_route=%2Fwp%2Fv2%2Fcomments&post=24239"}],"version-history":[{"count":1,"href":"https:\/\/encuentroinformativo.com.mx\/index.php?rest_route=\/wp\/v2\/posts\/24239\/revisions"}],"predecessor-version":[{"id":24241,"href":"https:\/\/encuentroinformativo.com.mx\/index.php?rest_route=\/wp\/v2\/posts\/24239\/revisions\/24241"}],"wp:featuredmedia":[{"embeddable":true,"href":"https:\/\/encuentroinformativo.com.mx\/index.php?rest_route=\/wp\/v2\/media\/24240"}],"wp:attachment":[{"href":"https:\/\/encuentroinformativo.com.mx\/index.php?rest_route=%2Fwp%2Fv2%2Fmedia&parent=24239"}],"wp:term":[{"taxonomy":"category","embeddable":true,"href":"https:\/\/encuentroinformativo.com.mx\/index.php?rest_route=%2Fwp%2Fv2%2Fcategories&post=24239"},{"taxonomy":"post_tag","embeddable":true,"href":"https:\/\/encuentroinformativo.com.mx\/index.php?rest_route=%2Fwp%2Fv2%2Ftags&post=24239"}],"curies":[{"name":"wp","href":"https:\/\/api.w.org\/{rel}","templated":true}]}}