{"id":24245,"date":"2022-03-03T16:01:03","date_gmt":"2022-03-03T22:01:03","guid":{"rendered":"https:\/\/encuentroinformativo.com.mx\/?p=24245"},"modified":"2022-03-03T16:01:05","modified_gmt":"2022-03-03T22:01:05","slug":"abandera-alcalde-delegacion-deportiva-de-boca-del-rio","status":"publish","type":"post","link":"https:\/\/encuentroinformativo.com.mx\/?p=24245","title":{"rendered":"Abandera Alcalde delegaci\u00f3n deportiva de Boca del R\u00edo"},"content":{"rendered":"\n<p><strong>*<em>\u201c\u00a1Los invito a pensar en grande, a que crean en su capacidad, crean en su talento, compitan, denlo todo, no dejen de luchar hasta ganar, s\u00e9 que pueden hacerlo, porque no s\u00f3lo son lo mejor de Boca del R\u00edo, tambi\u00e9n son lo mejor de Veracruz!\u201d!, exhort\u00f3 el Alcalde a los atletas<\/em><\/strong>.<\/p>\n\n\n\n<p>Boca del R\u00edo, Ver.- El alcalde Juan Manuel Un\u00e1nue abander\u00f3 a la delegaci\u00f3n deportiva\u00a0\u00a0de Boca del R\u00edo que participar\u00e1 en las competencias regionales rumbo a los Juegos Nacionales de la CONADE 2022.<br>\u00a0<br>Al encabezar la ceremonia realizada en la explanada del Foro Boca, el Alcalde invit\u00f3 a los deportistas a pensar en grande, a que crean en su capacidad y en\u00a0su talento. \u201cCompitan, denlo todo, no dejen de luchar hasta ganar, s\u00e9 que pueden hacerlo, porque no s\u00f3lo son lo mejor de Boca del R\u00edo, tambi\u00e9n son lo mejor de Veracruz\u201d, los exhort\u00f3.<br>\u00a0<br>Destac\u00f3 que este evento es de gran importancia para el municipio porque son estos deportistas los que pondr\u00e1n muy en alto el nombre de Boca del R\u00edo en las competencias nacionales de la CONADE -anteriormente conocidas como Olimpiada Nacional-.<br>\u00a0<br>Un\u00e1nue reconoci\u00f3 el esfuerzo que cada uno de los deportistas ponen a sus disciplinas, y esto es lo que engrandece la competencia y entrega mejores resultados en este impulso del desarrollo de la cultura f\u00edsica y el deporte en ni\u00f1os y j\u00f3venes.<br>\u00a0<br>\u201cDen todo de s\u00ed, por su empe\u00f1o, por sus entrenadores, por sus familias\u2026 por su municipio\u201d, dijo.<br>\u00a0<br>Afirm\u00f3 que est\u00e1 convencido que en estas competencias se detectar\u00e1n talentos deportivos para estimular y conformar las selecciones estatales y nacionales juveniles y pueden surgir representantes de M\u00e9xico en los Juegos Centroamericanos, en los Juegos Panamericanos, e incluso para los Juegos Ol\u00edmpicos.<br>\u00a0<br>\u00a0Durante la ceremonia de abanderamiento el Alcalde Juan Manuel Un\u00e1nue estuvo acompa\u00f1ado por el director del IVD, Jos\u00e9 Alberto Nava Lozano; y los atletas Jessica Jarqu\u00edn Gonz\u00e1lez, 8 veces campeona nacional y Campeona Panamericana de Halterofilia; Roberto P\u00e9rez Espinoza, triatleta boque\u00f1o y Madel\u00ed Romero Castro, exatleta boque\u00f1a y una de las mejores entrenadoras de Atletismo en la zona.<\/p>\n","protected":false},"excerpt":{"rendered":"<p>*\u201c\u00a1Los invito a pensar en grande, a que crean en su capacidad, crean en su talento, compitan, denlo todo, no dejen de luchar hasta ganar, s\u00e9 que pueden hacerlo, porque no s\u00f3lo son lo mejor de Boca del R\u00edo, tambi\u00e9n son lo mejor de Veracruz!\u201d!, exhort\u00f3 el Alcalde a los atletas. Boca del R\u00edo, Ver.- [&hellip;]<\/p>\n","protected":false},"author":1,"featured_media":24246,"comment_status":"open","ping_status":"open","sticky":false,"template":"","format":"standard","meta":{"_jetpack_memberships_contains_paid_content":false,"footnotes":""},"categories":[2],"tags":[],"class_list":["post-24245","post","type-post","status-publish","format-standard","has-post-thumbnail","hentry","category-estado"],"jetpack_featured_media_url":"https:\/\/encuentroinformativo.com.mx\/wp-content\/uploads\/2022\/03\/71352348-2281-48A5-8351-2A6DED32F1D3.jpeg","jetpack_sharing_enabled":true,"jetpack_likes_enabled":true,"amp_enabled":true,"_links":{"self":[{"href":"https:\/\/encuentroinformativo.com.mx\/index.php?rest_route=\/wp\/v2\/posts\/24245","targetHints":{"allow":["GET"]}}],"collection":[{"href":"https:\/\/encuentroinformativo.com.mx\/index.php?rest_route=\/wp\/v2\/posts"}],"about":[{"href":"https:\/\/encuentroinformativo.com.mx\/index.php?rest_route=\/wp\/v2\/types\/post"}],"author":[{"embeddable":true,"href":"https:\/\/encuentroinformativo.com.mx\/index.php?rest_route=\/wp\/v2\/users\/1"}],"replies":[{"embeddable":true,"href":"https:\/\/encuentroinformativo.com.mx\/index.php?rest_route=%2Fwp%2Fv2%2Fcomments&post=24245"}],"version-history":[{"count":1,"href":"https:\/\/encuentroinformativo.com.mx\/index.php?rest_route=\/wp\/v2\/posts\/24245\/revisions"}],"predecessor-version":[{"id":24247,"href":"https:\/\/encuentroinformativo.com.mx\/index.php?rest_route=\/wp\/v2\/posts\/24245\/revisions\/24247"}],"wp:featuredmedia":[{"embeddable":true,"href":"https:\/\/encuentroinformativo.com.mx\/index.php?rest_route=\/wp\/v2\/media\/24246"}],"wp:attachment":[{"href":"https:\/\/encuentroinformativo.com.mx\/index.php?rest_route=%2Fwp%2Fv2%2Fmedia&parent=24245"}],"wp:term":[{"taxonomy":"category","embeddable":true,"href":"https:\/\/encuentroinformativo.com.mx\/index.php?rest_route=%2Fwp%2Fv2%2Fcategories&post=24245"},{"taxonomy":"post_tag","embeddable":true,"href":"https:\/\/encuentroinformativo.com.mx\/index.php?rest_route=%2Fwp%2Fv2%2Ftags&post=24245"}],"curies":[{"name":"wp","href":"https:\/\/api.w.org\/{rel}","templated":true}]}}