{"id":24253,"date":"2022-03-04T09:30:57","date_gmt":"2022-03-04T15:30:57","guid":{"rendered":"https:\/\/encuentroinformativo.com.mx\/?p=24253"},"modified":"2022-03-04T09:31:00","modified_gmt":"2022-03-04T15:31:00","slug":"marlon-a-8-columnas","status":"publish","type":"post","link":"https:\/\/encuentroinformativo.com.mx\/?p=24253","title":{"rendered":"Marlon, a 8 Columnas"},"content":{"rendered":"\n<p><strong>Los Pol\u00edticos<\/strong><\/p>\n\n\n\n<p><strong>Salvador Mu\u00f1oz<\/strong><\/p>\n\n\n\n<p>Le pregunta al mesero que qu\u00e9 tal se lleva con la cocinera\u2026 la respuesta fue un \u201cno muy bien\u201d&#8230; \u00bfY con el Capit\u00e1n de Meseros?: \u201cMal\u201d<\/p>\n\n\n\n<p>Bueno, pues si en un restaurante se pelean pero trabajan en equipo, igual deber\u00eda ser en la pol\u00edtica, en el Gobierno, en el Congreso, donde dicho sea de paso, Marlon Ram\u00edrez habla de esa relaci\u00f3n cordial y respetuosa que hay con todos su compa\u00f1eros diputados, aunque no por ello, haya diferencia de criterios\u2026 vamos! a lo que le tira el dirigente del PRI en este momento pol\u00edtico que se vive en la entidad, es hacer un Acuerdo por Veracruz\u2026<\/p>\n\n\n\n<p>Quiz\u00e1s no sorprendan tanto las palabras del tambi\u00e9n diputado local de la LXVI Legislatura en Veracruz, porque desde que juegan el papel de oposici\u00f3n, su compromiso fue el de hacerlo de manera cr\u00edtica, punzante, fustigante, dentro del marco del respeto\u2026 Quiz\u00e1s lo que m\u00e1s sorprenda fue el canal donde lo hizo\u2026 en el de los veracruzanos: RTV.<\/p>\n\n\n\n<p>Entonces, escuchar&nbsp; en lo que se hab\u00eda considerado un canal de una sola voz, a una de las figuras m\u00e1s relevantes dentro de la Oposici\u00f3n as\u00ed como uno de los cr\u00edticos m\u00e1s severos de actos, acciones y conductas del Gobierno en turno, habla muy bien de los directivos de RTV\u2026 como si pareciera que entendieran que con esta apertura, se construye y forja la democracia\u2026 pero lo mejor, es que as\u00ed, se legitima y respeta a quien ostenta el Poder abriendo el abanico.<\/p>\n\n\n\n<p>Ah, pero igual de importante es el comportamiento del dirigente y diputado del PRI: no hace aspavientos, no hace alharacas, no ofende porque si bien es el canal de los veracruzanos, entiende su papel de invitado y da prioridad al di\u00e1logo\u2026<\/p>\n\n\n\n<p>All\u00ed, en el programa de \u201cA 8 Columnas\u201d que encabeza Rams\u00e9s Yunes Zorrilla, acompa\u00f1ado esta ocasi\u00f3n por Rossana Luna y Nacho Alvarez, Marlon Ram\u00edrez toc\u00f3 varios temas, entre ellos el de Delitos de Ultraje donde expuso que no podr\u00eda haber apoyado tal, porque los primeros que le reclamar\u00edan ser\u00edan sus hermanos, su padre y hasta su esposa, todos licenciados en Derecho.<\/p>\n\n\n\n<p>Sobre el papel de los diputados de la Mayor\u00eda, entiende que ellos deben actuar de buena fe pues no cree que haya intenci\u00f3n de afectar a la ciudadan\u00eda\u2026 pero ese actuar es lo que ocurre con una Mayor\u00eda Autom\u00e1tica que no permite retroalimentaci\u00f3n, que a veces le falta humildad para escuchar\u2026 Marlon asegura que en el Congreso local hace falta Formaci\u00f3n e Informaci\u00f3n Jur\u00eddica, echar mano a las escuelas de Derecho y aprovech\u00f3 incluso para meter un gol a favor de su escuela, la Crist\u00f3bal Col\u00f3n.<\/p>\n\n\n\n<p>Igual habl\u00f3 del PRI, quien este 4 de marzo cumple 93 a\u00f1os. No tuvo empacho en reconocer que antes, el partido era considerado como un ap\u00e9ndice del Gobierno y quien llegaba al instituto pol\u00edtico, era porque no hab\u00eda tenido cabida en el Gobierno. La etapa que vive actualmente es totalmente ajena, lejana a lo que algunos a\u00f1oran, que no les ha ca\u00eddo el 20 o que a lo mejor, ya ni est\u00e1n en el PRI, sino enfrente, en el Poder\u2026 les llam\u00f3 Gobiernistas\u2026<\/p>\n\n\n\n<p>Marlon asegura que trabaja para el militante, y cuenta que hoy son como el hijo del Hacendado que perdi\u00f3 todo, que le embargaron todo, dej\u00e1ndole solo la casa y que debe de tomar una decisi\u00f3n: Ponerse a llorar por lo que tuvo, o empezar a arreglar la casa.<\/p>\n\n\n\n<p>Sobre una futura&nbsp; alianza con Movimiento Ciudadano ahora que est\u00e1 muy activo con el otro Movimiento (por la Justicia), Marlon refiri\u00f3 que no le gusta vivir en el pasado pero igual es importante recordar el pasado: \u00e9l hubiera deseado ver con ese mismo entusiasmo a Movimiento Ciudadano en el 2021, cuando se le habl\u00f3 de una alianza\u2026<\/p>\n\n\n\n<p>Con 93 a\u00f1os de historia y tambi\u00e9n de experiencia, Marlon no habla de la extinci\u00f3n del partido, porque el certificado de defunci\u00f3n se lo han extendido al PRI desde tiempos de Ruiz Cortines, y por ello est\u00e1n trabajando no s\u00f3lo con los pri\u00edstas de seccionales, a pie, recorriendo la colonia\u2026 sino tambi\u00e9n con los j\u00f3venes, en la conformaci\u00f3n de nuevos cuadros, acompa\u00f1ado de las nuevas tecnolog\u00edas, las redes, porque desde all\u00ed tambi\u00e9n se hace pol\u00edtica\u2026 \u201centender lo que fuimos, lo que somos y lo que queremos ser\u201d, dice Marlon Ram\u00edrez Mar\u00edn\u2026 y tiene mucha raz\u00f3n, porque ma\u00f1ana, cuatro de marzo, cuando despertemos, el PRI todav\u00eda estar\u00e1 all\u00ed\u2026<\/p>\n\n\n\n<p>Bienvenida la apertura de RTV\u2026 m\u00e1s programas como \u00e9stos en A 8 Columnas.<\/p>\n\n\n\n<p><a href=\"mailto:smcainito@gmail.com\" target=\"_blank\" rel=\"noreferrer noopener\">smcainito@gmail.com<\/a><\/p>\n","protected":false},"excerpt":{"rendered":"<p>Los Pol\u00edticos Salvador Mu\u00f1oz Le pregunta al mesero que qu\u00e9 tal se lleva con la cocinera\u2026 la respuesta fue un \u201cno muy bien\u201d&#8230; \u00bfY con el Capit\u00e1n de Meseros?: \u201cMal\u201d Bueno, pues si en un restaurante se pelean pero trabajan en equipo, igual deber\u00eda ser en la pol\u00edtica, en el Gobierno, en el Congreso, donde [&hellip;]<\/p>\n","protected":false},"author":1,"featured_media":387,"comment_status":"open","ping_status":"open","sticky":false,"template":"","format":"standard","meta":{"_jetpack_memberships_contains_paid_content":false,"footnotes":""},"categories":[11],"tags":[],"class_list":["post-24253","post","type-post","status-publish","format-standard","has-post-thumbnail","hentry","category-opinion"],"jetpack_featured_media_url":"https:\/\/encuentroinformativo.com.mx\/wp-content\/uploads\/2020\/03\/7CF8A22B-2764-47BE-8F7F-38FE9E5D6A2F.jpeg","jetpack_sharing_enabled":true,"jetpack_likes_enabled":true,"amp_enabled":true,"_links":{"self":[{"href":"https:\/\/encuentroinformativo.com.mx\/index.php?rest_route=\/wp\/v2\/posts\/24253","targetHints":{"allow":["GET"]}}],"collection":[{"href":"https:\/\/encuentroinformativo.com.mx\/index.php?rest_route=\/wp\/v2\/posts"}],"about":[{"href":"https:\/\/encuentroinformativo.com.mx\/index.php?rest_route=\/wp\/v2\/types\/post"}],"author":[{"embeddable":true,"href":"https:\/\/encuentroinformativo.com.mx\/index.php?rest_route=\/wp\/v2\/users\/1"}],"replies":[{"embeddable":true,"href":"https:\/\/encuentroinformativo.com.mx\/index.php?rest_route=%2Fwp%2Fv2%2Fcomments&post=24253"}],"version-history":[{"count":1,"href":"https:\/\/encuentroinformativo.com.mx\/index.php?rest_route=\/wp\/v2\/posts\/24253\/revisions"}],"predecessor-version":[{"id":24254,"href":"https:\/\/encuentroinformativo.com.mx\/index.php?rest_route=\/wp\/v2\/posts\/24253\/revisions\/24254"}],"wp:featuredmedia":[{"embeddable":true,"href":"https:\/\/encuentroinformativo.com.mx\/index.php?rest_route=\/wp\/v2\/media\/387"}],"wp:attachment":[{"href":"https:\/\/encuentroinformativo.com.mx\/index.php?rest_route=%2Fwp%2Fv2%2Fmedia&parent=24253"}],"wp:term":[{"taxonomy":"category","embeddable":true,"href":"https:\/\/encuentroinformativo.com.mx\/index.php?rest_route=%2Fwp%2Fv2%2Fcategories&post=24253"},{"taxonomy":"post_tag","embeddable":true,"href":"https:\/\/encuentroinformativo.com.mx\/index.php?rest_route=%2Fwp%2Fv2%2Ftags&post=24253"}],"curies":[{"name":"wp","href":"https:\/\/api.w.org\/{rel}","templated":true}]}}