{"id":24261,"date":"2022-03-04T12:41:10","date_gmt":"2022-03-04T18:41:10","guid":{"rendered":"https:\/\/encuentroinformativo.com.mx\/?p=24261"},"modified":"2022-03-04T12:41:14","modified_gmt":"2022-03-04T18:41:14","slug":"estudiantes-reclaman-retorno-a-clases-presenciales","status":"publish","type":"post","link":"https:\/\/encuentroinformativo.com.mx\/?p=24261","title":{"rendered":"Estudiantes reclaman retorno a clases presenciales"},"content":{"rendered":"\n<p><strong>Juan Arcos <\/strong><\/p>\n\n\n\n<p>Xalapa, Ver.- Estudiantes de la Unidad Acad\u00e9mica de Humanidades de la Universidad Veracruzana (UV) protestaron contra el aplazamiento de las clases presenciales en el campus Xalapa.<\/p>\n\n\n\n<p>Decenas de alumnos se concentraron afuera de dicha unidad, ubicada en la colonia Francisco Ferrer Guardia, para externar su inconformidad debido a que las clases presenciales se aplazaron hasta el 18 de abril, sin previo aviso.<\/p>\n\n\n\n<p>Se trata de estudiantes de distintos municipios del estado quienes no pudieron entrar a las aulas, debido a que el plantel se encuentra en remodelaci\u00f3n.<\/p>\n\n\n\n<p>Monserrat M\u00e9ndez Bello, estudiante de Lengua Inglesa, originaria de Altotonga, y sus compa\u00f1eros for\u00e1neos exigieron a las autoridades universitarias que resuelvan el problema, toda vez que proceden de municipios alejados a la capital del estado y su estancia representa un gasto.<\/p>\n\n\n\n<p>Los estudiantes han pagado en tiempo y forma sus cuotas por concepto Promejoras para el mantenimiento de los espacios educativos.<\/p>\n\n\n\n<p>Sin embargo, las autoridades acad\u00e9micas no han informado al alumnado las causas que originaron un atraso en los trabajos correspondientes.<\/p>\n\n\n\n<p>Los estudiantes estaban listos para retornar a clases presenciales cuando personal de la UV les inform\u00f3 que no pod\u00edan ingresar al plantel, situaci\u00f3n que gener\u00f3 una gran inconformidad.<\/p>\n","protected":false},"excerpt":{"rendered":"<p>Juan Arcos Xalapa, Ver.- Estudiantes de la Unidad Acad\u00e9mica de Humanidades de la Universidad Veracruzana (UV) protestaron contra el aplazamiento de las clases presenciales en el campus Xalapa. Decenas de alumnos se concentraron afuera de dicha unidad, ubicada en la colonia Francisco Ferrer Guardia, para externar su inconformidad debido a que las clases presenciales se [&hellip;]<\/p>\n","protected":false},"author":1,"featured_media":24262,"comment_status":"open","ping_status":"open","sticky":false,"template":"","format":"standard","meta":{"_jetpack_memberships_contains_paid_content":false,"footnotes":""},"categories":[3],"tags":[],"class_list":["post-24261","post","type-post","status-publish","format-standard","has-post-thumbnail","hentry","category-xalapa"],"jetpack_featured_media_url":"https:\/\/encuentroinformativo.com.mx\/wp-content\/uploads\/2022\/03\/FC30DBE0-1581-422A-86DB-56198A753479.jpeg","jetpack_sharing_enabled":true,"jetpack_likes_enabled":true,"amp_enabled":true,"_links":{"self":[{"href":"https:\/\/encuentroinformativo.com.mx\/index.php?rest_route=\/wp\/v2\/posts\/24261","targetHints":{"allow":["GET"]}}],"collection":[{"href":"https:\/\/encuentroinformativo.com.mx\/index.php?rest_route=\/wp\/v2\/posts"}],"about":[{"href":"https:\/\/encuentroinformativo.com.mx\/index.php?rest_route=\/wp\/v2\/types\/post"}],"author":[{"embeddable":true,"href":"https:\/\/encuentroinformativo.com.mx\/index.php?rest_route=\/wp\/v2\/users\/1"}],"replies":[{"embeddable":true,"href":"https:\/\/encuentroinformativo.com.mx\/index.php?rest_route=%2Fwp%2Fv2%2Fcomments&post=24261"}],"version-history":[{"count":1,"href":"https:\/\/encuentroinformativo.com.mx\/index.php?rest_route=\/wp\/v2\/posts\/24261\/revisions"}],"predecessor-version":[{"id":24263,"href":"https:\/\/encuentroinformativo.com.mx\/index.php?rest_route=\/wp\/v2\/posts\/24261\/revisions\/24263"}],"wp:featuredmedia":[{"embeddable":true,"href":"https:\/\/encuentroinformativo.com.mx\/index.php?rest_route=\/wp\/v2\/media\/24262"}],"wp:attachment":[{"href":"https:\/\/encuentroinformativo.com.mx\/index.php?rest_route=%2Fwp%2Fv2%2Fmedia&parent=24261"}],"wp:term":[{"taxonomy":"category","embeddable":true,"href":"https:\/\/encuentroinformativo.com.mx\/index.php?rest_route=%2Fwp%2Fv2%2Fcategories&post=24261"},{"taxonomy":"post_tag","embeddable":true,"href":"https:\/\/encuentroinformativo.com.mx\/index.php?rest_route=%2Fwp%2Fv2%2Ftags&post=24261"}],"curies":[{"name":"wp","href":"https:\/\/api.w.org\/{rel}","templated":true}]}}