{"id":24264,"date":"2022-03-04T13:05:15","date_gmt":"2022-03-04T19:05:15","guid":{"rendered":"https:\/\/encuentroinformativo.com.mx\/?p=24264"},"modified":"2022-03-04T13:05:18","modified_gmt":"2022-03-04T19:05:18","slug":"cci-reconoce-falta-de-traductores-de-lenguas-originarias-en-fiscalias-de-veracruz","status":"publish","type":"post","link":"https:\/\/encuentroinformativo.com.mx\/?p=24264","title":{"rendered":"CCI reconoce falta de traductores de lenguas originarias en Fiscal\u00edas de Veracruz"},"content":{"rendered":"\n<p><strong>Alejandro \u00c1vila<\/strong><\/p>\n\n\n\n<p>Veracruz, Ver.- El cierre de la Fiscal\u00eda Regional con sede en Papantla trajo consigo diversas complicaciones para los ciudadanos de pueblos ind\u00edgenas, debido a que este sitio era de los pocos que contaba con traductores de lenguas originarias al espa\u00f1ol.<\/p>\n\n\n\n<p>Rosy Mart\u00ednez, presidenta del Consejo Consultivo Ind\u00edgena del Estado de Veracruz, reconoci\u00f3 que la reestructuraci\u00f3n de Fiscal\u00edas en la entidad veracruzana, a complicado las denuncias de personas de pueblos originarios.<\/p>\n\n\n\n<p>&#8220;Algunos s\u00ed, nos hace falta mucho por hacer, y es importante que ustedes est\u00e9n aqu\u00ed, ahorita precisamente en la captaci\u00f3n van a hablar de todos los temas&#8221;.<\/p>\n\n\n\n<p>&#8220;No es un porcentaje, simplemente requerimos avazar un poco m\u00e1s, ustedes conocen bien todo el estado, la situaci\u00f3n, y yo creo que estamos dando un paso al inclusi\u00f3n&#8221;, apunt\u00f3.<\/p>\n\n\n\n<p>Invitada a al Encuentro Regional de Transparencia, organizado por el IVAI en el puerto de Veracruz se\u00f1al\u00f3 que, es importante los Ayuntamientos de poblaci\u00f3n ind\u00edgena conozcan los protocolos que deben cumplir para transparentar su informaci\u00f3n de n\u00f3mina, contratos de obra p\u00fablica y entrega de recursos p\u00fablicos.<\/p>\n","protected":false},"excerpt":{"rendered":"<p>Alejandro \u00c1vila Veracruz, Ver.- El cierre de la Fiscal\u00eda Regional con sede en Papantla trajo consigo diversas complicaciones para los ciudadanos de pueblos ind\u00edgenas, debido a que este sitio era de los pocos que contaba con traductores de lenguas originarias al espa\u00f1ol. Rosy Mart\u00ednez, presidenta del Consejo Consultivo Ind\u00edgena del Estado de Veracruz, reconoci\u00f3 que [&hellip;]<\/p>\n","protected":false},"author":1,"featured_media":24265,"comment_status":"open","ping_status":"open","sticky":false,"template":"","format":"standard","meta":{"_jetpack_memberships_contains_paid_content":false,"footnotes":""},"categories":[2],"tags":[],"class_list":["post-24264","post","type-post","status-publish","format-standard","has-post-thumbnail","hentry","category-estado"],"jetpack_featured_media_url":"https:\/\/encuentroinformativo.com.mx\/wp-content\/uploads\/2022\/03\/C262CEB8-9354-4925-9642-0A9C429719B3.jpeg","jetpack_sharing_enabled":true,"jetpack_likes_enabled":true,"amp_enabled":true,"_links":{"self":[{"href":"https:\/\/encuentroinformativo.com.mx\/index.php?rest_route=\/wp\/v2\/posts\/24264","targetHints":{"allow":["GET"]}}],"collection":[{"href":"https:\/\/encuentroinformativo.com.mx\/index.php?rest_route=\/wp\/v2\/posts"}],"about":[{"href":"https:\/\/encuentroinformativo.com.mx\/index.php?rest_route=\/wp\/v2\/types\/post"}],"author":[{"embeddable":true,"href":"https:\/\/encuentroinformativo.com.mx\/index.php?rest_route=\/wp\/v2\/users\/1"}],"replies":[{"embeddable":true,"href":"https:\/\/encuentroinformativo.com.mx\/index.php?rest_route=%2Fwp%2Fv2%2Fcomments&post=24264"}],"version-history":[{"count":1,"href":"https:\/\/encuentroinformativo.com.mx\/index.php?rest_route=\/wp\/v2\/posts\/24264\/revisions"}],"predecessor-version":[{"id":24266,"href":"https:\/\/encuentroinformativo.com.mx\/index.php?rest_route=\/wp\/v2\/posts\/24264\/revisions\/24266"}],"wp:featuredmedia":[{"embeddable":true,"href":"https:\/\/encuentroinformativo.com.mx\/index.php?rest_route=\/wp\/v2\/media\/24265"}],"wp:attachment":[{"href":"https:\/\/encuentroinformativo.com.mx\/index.php?rest_route=%2Fwp%2Fv2%2Fmedia&parent=24264"}],"wp:term":[{"taxonomy":"category","embeddable":true,"href":"https:\/\/encuentroinformativo.com.mx\/index.php?rest_route=%2Fwp%2Fv2%2Fcategories&post=24264"},{"taxonomy":"post_tag","embeddable":true,"href":"https:\/\/encuentroinformativo.com.mx\/index.php?rest_route=%2Fwp%2Fv2%2Ftags&post=24264"}],"curies":[{"name":"wp","href":"https:\/\/api.w.org\/{rel}","templated":true}]}}