{"id":2427,"date":"2020-05-09T13:31:19","date_gmt":"2020-05-09T18:31:19","guid":{"rendered":"https:\/\/encuentroinformativo.com\/?p=2427"},"modified":"2020-05-09T13:31:22","modified_gmt":"2020-05-09T18:31:22","slug":"un-10-diferente","status":"publish","type":"post","link":"https:\/\/encuentroinformativo.com.mx\/?p=2427","title":{"rendered":"Un 10 diferente"},"content":{"rendered":"\n<p><strong>N\u00fameros Rojos<\/strong><\/p>\n\n\n\n<p><strong>Brenda Caballero<\/strong><\/p>\n\n\n\n<p>Cuando vi el hashtag #MueveLaFecha, pens\u00e9 que era una broma. \u00bfCambiar el 10 de Mayo para el 10 de Julio? \u00bfDe verdad necesitamos cambiar la fecha para celebrar a nuestras madres? Es m\u00e1s, \u00bfPor qu\u00e9 celebrar un d\u00eda, cuando deber\u00edamos hacerlo todos los d\u00edas? Digo.<\/p>\n\n\n\n<p>Bueno, mover la fecha fue la propuesta de la jefa de gobierno Claudia Sheinbaum Pardo para la Ciudad de M\u00e9xico en medio de esta pandemia de Covid-19, la cual fue retuiteada en apoyo por Beatriz Guti\u00e9rrez M\u00fcller con la intenci\u00f3n de celebrar con sana distancia y as\u00ed proteger a nuestras madres que se encuentran en grupos vulnerables.<\/p>\n\n\n\n<p>Eso suena bastante bien, pero\u2026 \u00bfqu\u00e9 opinan empresarios que esperaban repuntaran sus ventas este 10 de mayo?<\/p>\n\n\n\n<p>Realmente es un gran golpe a la econom\u00eda interna. Recordemos que el 10 de mayo es una de las celebraciones que los mexicanos hacen en grande y en familia desde el a\u00f1o de 1922. Actualmente se adquieren desde globos, tarjetas, pasteles, flores, comidas en restaurantes, hasta en algunos casos compras de veh\u00edculos \u00a1pues nuestra madrecita merece eso y m\u00e1s!<\/p>\n\n\n\n<p>En s\u00ed, mover la fecha para celebrar, aparte de evitar contagios masivos, tiene la intenci\u00f3n de reactivar la econom\u00eda, y poder apoyar a los empresarios que ofrecen productos y servicios, para que recuperen una parte de lo perdido.<\/p>\n\n\n\n<p>En algunos municipios de Veracruz que lideran el n\u00famero de contagiados por Covid, se ha propuesto el cierre de florer\u00edas, pasteler\u00edas, restaurantes y hasta los panteones, pero \u00bfse llevar\u00e1n a cabo esas medidas que muchos comerciantes consideran extremas, cuantim\u00e1s que muchos consideran su fecha clave de ganancias econ\u00f3micas?<\/p>\n\n\n\n<p>Recordemos que Hugo L\u00f3pez Gatell manifest\u00f3 que el punto m\u00e1ximo de contagios es el 8 de mayo, fecha que coincide con el fin de semana del D\u00eda de las Madres.<\/p>\n\n\n\n<p>Se entiende la \u201cdr\u00e1stica\u201d medida tomada por nuestras autoridades, despu\u00e9s de que el pasado 30 de abril, cientos de personas se concentraron en conocida pizzer\u00eda por una promoci\u00f3n con motivo del d\u00eda del ni\u00f1o. \u00bfY Susana Distancia? Bien gracias, y las autoridades\u2026 \u00a1pues tambi\u00e9n!<\/p>\n\n\n\n<p>\u00bfPasar\u00e1 lo mismo este 10 de Mayo?<\/p>\n\n\n\n<p>Quisiera pensar que no, que habr\u00e1 m\u00e1s control. Incluso ahora las autoridades han tomado la decisi\u00f3n de cerrar las calles c\u00e9ntricas de varios municipios, para que los ciudadanos vean que estamos en contingencia y no se relajen las medidas ante la pandemia. Sin embargo, el d\u00eda de ayer, hablaba a una conocida l\u00ednea de pasteler\u00edas de la capital y preguntaba a la se\u00f1orita si estaban abiertas sus instalaciones para comprar. De inmediato me dijo: \u201cS\u00ed, tendremos venta normal\u201d.<\/p>\n\n\n\n<p>\u2013Oiga, pero en la Gaceta Municipal hab\u00edan dicho que no vender\u00edan en sucursales&#8230;<br>\u2013Pues nosotros tendremos venta normal.<\/p>\n\n\n\n<p>Cu\u00e1nta raz\u00f3n tienen quienes dicen que mientras a unos los obligan a cerrar, otros est\u00e1n como si no pasara nada.<\/p>\n\n\n\n<p>@NumerosRojos_BC<\/p>\n\n\n\n<p><a href=\"mailto:caballero_brenda@hotmail.com\" target=\"_blank\" rel=\"noreferrer noopener\">caballero_brenda@hotmail.com<\/a><\/p>\n\n\n\n<p><\/p>\n","protected":false},"excerpt":{"rendered":"<p>N\u00fameros Rojos Brenda Caballero Cuando vi el hashtag #MueveLaFecha, pens\u00e9 que era una broma. \u00bfCambiar el 10 de Mayo para el 10 de Julio? \u00bfDe verdad necesitamos cambiar la fecha para celebrar a nuestras madres? Es m\u00e1s, \u00bfPor qu\u00e9 celebrar un d\u00eda, cuando deber\u00edamos hacerlo todos los d\u00edas? Digo. Bueno, mover la fecha fue la [&hellip;]<\/p>\n","protected":false},"author":1,"featured_media":387,"comment_status":"open","ping_status":"open","sticky":false,"template":"","format":"standard","meta":{"_jetpack_memberships_contains_paid_content":false,"footnotes":""},"categories":[11],"tags":[],"class_list":["post-2427","post","type-post","status-publish","format-standard","has-post-thumbnail","hentry","category-opinion"],"jetpack_featured_media_url":"https:\/\/encuentroinformativo.com.mx\/wp-content\/uploads\/2020\/03\/7CF8A22B-2764-47BE-8F7F-38FE9E5D6A2F.jpeg","jetpack_sharing_enabled":true,"jetpack_likes_enabled":true,"amp_enabled":true,"_links":{"self":[{"href":"https:\/\/encuentroinformativo.com.mx\/index.php?rest_route=\/wp\/v2\/posts\/2427","targetHints":{"allow":["GET"]}}],"collection":[{"href":"https:\/\/encuentroinformativo.com.mx\/index.php?rest_route=\/wp\/v2\/posts"}],"about":[{"href":"https:\/\/encuentroinformativo.com.mx\/index.php?rest_route=\/wp\/v2\/types\/post"}],"author":[{"embeddable":true,"href":"https:\/\/encuentroinformativo.com.mx\/index.php?rest_route=\/wp\/v2\/users\/1"}],"replies":[{"embeddable":true,"href":"https:\/\/encuentroinformativo.com.mx\/index.php?rest_route=%2Fwp%2Fv2%2Fcomments&post=2427"}],"version-history":[{"count":1,"href":"https:\/\/encuentroinformativo.com.mx\/index.php?rest_route=\/wp\/v2\/posts\/2427\/revisions"}],"predecessor-version":[{"id":2428,"href":"https:\/\/encuentroinformativo.com.mx\/index.php?rest_route=\/wp\/v2\/posts\/2427\/revisions\/2428"}],"wp:featuredmedia":[{"embeddable":true,"href":"https:\/\/encuentroinformativo.com.mx\/index.php?rest_route=\/wp\/v2\/media\/387"}],"wp:attachment":[{"href":"https:\/\/encuentroinformativo.com.mx\/index.php?rest_route=%2Fwp%2Fv2%2Fmedia&parent=2427"}],"wp:term":[{"taxonomy":"category","embeddable":true,"href":"https:\/\/encuentroinformativo.com.mx\/index.php?rest_route=%2Fwp%2Fv2%2Fcategories&post=2427"},{"taxonomy":"post_tag","embeddable":true,"href":"https:\/\/encuentroinformativo.com.mx\/index.php?rest_route=%2Fwp%2Fv2%2Ftags&post=2427"}],"curies":[{"name":"wp","href":"https:\/\/api.w.org\/{rel}","templated":true}]}}