{"id":24276,"date":"2022-03-04T14:42:04","date_gmt":"2022-03-04T20:42:04","guid":{"rendered":"https:\/\/encuentroinformativo.com.mx\/?p=24276"},"modified":"2022-03-04T14:42:08","modified_gmt":"2022-03-04T20:42:08","slug":"mas-de-30-personas-detenidas-en-operativos-nocturnos-en-veracruz-puerto","status":"publish","type":"post","link":"https:\/\/encuentroinformativo.com.mx\/?p=24276","title":{"rendered":"M\u00e1s de 30 personas detenidas en operativos nocturnos en Veracruz puerto"},"content":{"rendered":"\n<p><strong>Alejandro \u00c1vila<\/strong><\/p>\n\n\n\n<p>Veracruz, Ver.- La alcaldesa de Veracruz, Patricia Lobeira Rodr\u00edguez reconoci\u00f3 que, se han detenido poco m\u00e1s de 30 personas durante los operativos nocturnos, que realizan los elementos de seguridad p\u00fablica en todo el municipio.<\/p>\n\n\n\n<p>La panista se\u00f1al\u00f3 qu\u00e9, los operativos son coordinados por la Polic\u00eda Naval en conjunto con la Polic\u00eda Estatal y Municipal; sin embargo, en algunos puntos de la ciudad se solicita el apoyo de la Guardia Nacional y Fuerza Civil.<\/p>\n\n\n\n<p>&#8220;Estamos coordinandonos muy bien, lo que queremos es tener un Veracruz m\u00e1s seguro, se ha ido logrando, se ha disminuido ahorita el \u00edndice de violencia y es gracias a estos operativos que hemos venido haciendo por toda la ciudad con muy buena coordinaci\u00f3n (\u2026) s\u00ed, s\u00ed ha habido detenciones, hemos detenido alrededor, la semana pasada, alrededor de 30 y 40 personas, y vamos a seguir con esos operativos de manera continua y coordinada tanto con la Guardia Nacional como con los navales y militares&#8221;, destac\u00f3.<\/p>\n\n\n\n<p>Cabe destacar que hace una semana vecinos del primer cuadro de la ciudad, acusaron una ola de robos en el primer cuadro de la ciudad motivo por el cual se incrementaron los rondines de patrullas por el municipio.<\/p>\n\n\n\n<p>Precisamente y seg\u00fan los datos de la alcaldesa, fue precisamente en la zona centro donde m\u00e1s detenidos hubo.<\/p>\n","protected":false},"excerpt":{"rendered":"<p>Alejandro \u00c1vila Veracruz, Ver.- La alcaldesa de Veracruz, Patricia Lobeira Rodr\u00edguez reconoci\u00f3 que, se han detenido poco m\u00e1s de 30 personas durante los operativos nocturnos, que realizan los elementos de seguridad p\u00fablica en todo el municipio. La panista se\u00f1al\u00f3 qu\u00e9, los operativos son coordinados por la Polic\u00eda Naval en conjunto con la Polic\u00eda Estatal y [&hellip;]<\/p>\n","protected":false},"author":1,"featured_media":24277,"comment_status":"open","ping_status":"open","sticky":false,"template":"","format":"standard","meta":{"_jetpack_memberships_contains_paid_content":false,"footnotes":""},"categories":[2],"tags":[],"class_list":["post-24276","post","type-post","status-publish","format-standard","has-post-thumbnail","hentry","category-estado"],"jetpack_featured_media_url":"https:\/\/encuentroinformativo.com.mx\/wp-content\/uploads\/2022\/03\/7FBAD08A-C62D-4C0B-99DF-D5F51EDF71FB.jpeg","jetpack_sharing_enabled":true,"jetpack_likes_enabled":true,"amp_enabled":true,"_links":{"self":[{"href":"https:\/\/encuentroinformativo.com.mx\/index.php?rest_route=\/wp\/v2\/posts\/24276","targetHints":{"allow":["GET"]}}],"collection":[{"href":"https:\/\/encuentroinformativo.com.mx\/index.php?rest_route=\/wp\/v2\/posts"}],"about":[{"href":"https:\/\/encuentroinformativo.com.mx\/index.php?rest_route=\/wp\/v2\/types\/post"}],"author":[{"embeddable":true,"href":"https:\/\/encuentroinformativo.com.mx\/index.php?rest_route=\/wp\/v2\/users\/1"}],"replies":[{"embeddable":true,"href":"https:\/\/encuentroinformativo.com.mx\/index.php?rest_route=%2Fwp%2Fv2%2Fcomments&post=24276"}],"version-history":[{"count":1,"href":"https:\/\/encuentroinformativo.com.mx\/index.php?rest_route=\/wp\/v2\/posts\/24276\/revisions"}],"predecessor-version":[{"id":24278,"href":"https:\/\/encuentroinformativo.com.mx\/index.php?rest_route=\/wp\/v2\/posts\/24276\/revisions\/24278"}],"wp:featuredmedia":[{"embeddable":true,"href":"https:\/\/encuentroinformativo.com.mx\/index.php?rest_route=\/wp\/v2\/media\/24277"}],"wp:attachment":[{"href":"https:\/\/encuentroinformativo.com.mx\/index.php?rest_route=%2Fwp%2Fv2%2Fmedia&parent=24276"}],"wp:term":[{"taxonomy":"category","embeddable":true,"href":"https:\/\/encuentroinformativo.com.mx\/index.php?rest_route=%2Fwp%2Fv2%2Fcategories&post=24276"},{"taxonomy":"post_tag","embeddable":true,"href":"https:\/\/encuentroinformativo.com.mx\/index.php?rest_route=%2Fwp%2Fv2%2Ftags&post=24276"}],"curies":[{"name":"wp","href":"https:\/\/api.w.org\/{rel}","templated":true}]}}