{"id":24279,"date":"2022-03-04T14:45:18","date_gmt":"2022-03-04T20:45:18","guid":{"rendered":"https:\/\/encuentroinformativo.com.mx\/?p=24279"},"modified":"2022-03-04T14:45:22","modified_gmt":"2022-03-04T20:45:22","slug":"carnaval-de-veracruz-tendra-representativo-de-brasil","status":"publish","type":"post","link":"https:\/\/encuentroinformativo.com.mx\/?p=24279","title":{"rendered":"Carnaval de Veracruz tendr\u00e1 representativo de Brasil"},"content":{"rendered":"\n<p><strong>Alejandro \u00c1vila<\/strong><\/p>\n\n\n\n<p>Veracruz, Ver.- El presidente del Comit\u00e9 de Carnaval, Luis Antonio P\u00e9rez Fraga confirm\u00f3 que, el Carnaval de Veracruz a realizarse el pr\u00f3ximo mes de julio, tendr\u00e1 un representativo del pa\u00eds Brasil.<\/p>\n\n\n\n<p>&#8220;Va a haber un grupo, una orquesta con metales, con percusiones, que la integran 12 personas, y 6 bailarinas y bailarines que la integran brasile\u00f1os&#8221;, se\u00f1al\u00f3.<\/p>\n\n\n\n<p>El &#8220;Pollo&#8221;, c\u00f3mo es conocido en la ciudad, agreg\u00f3 que, ya iniciaron pl\u00e1ticas con diversas figuras p\u00fablicas de Veracruz para que fungen como Embajadores de la fiesta m\u00e1s popular de la entidad, c\u00f3mo en su momento lo fueron las cantantes Yuri y Natalia Lafourcade; as\u00ed como la actriz Salma Hayek.<\/p>\n\n\n\n<p>Este viernes 4 de marzo se anuncio que quedaron abiertas las inscripciones para los aspirantes a Rey y Reina del Carnaval 2022; as\u00ed como tambi\u00e9n, a los aspirantes a soberanos infantiles.<\/p>\n\n\n\n<p>P\u00e9rez Fraga mencion\u00f3 que, por solicitud de la alcaldesa Patricia Lobeira los costos de inscripci\u00f3n y votos no se incrementaron, quedando de la siguiente manera 25 mi pesos para los adultos, y 15 mil pesos para los ni\u00f1os; mientras que el costo por voto es de 1 peso.<\/p>\n\n\n\n<p>&#8220;Seis hasta ahorita son los que se han acercado, de manera no oficial, porque ya lo oficial esa hora que se registren (\u2026) dos de reina, dos de rey y dos de ni\u00f1o&#8221;, culmin\u00f3.<\/p>\n","protected":false},"excerpt":{"rendered":"<p>Alejandro \u00c1vila Veracruz, Ver.- El presidente del Comit\u00e9 de Carnaval, Luis Antonio P\u00e9rez Fraga confirm\u00f3 que, el Carnaval de Veracruz a realizarse el pr\u00f3ximo mes de julio, tendr\u00e1 un representativo del pa\u00eds Brasil. &#8220;Va a haber un grupo, una orquesta con metales, con percusiones, que la integran 12 personas, y 6 bailarinas y bailarines que [&hellip;]<\/p>\n","protected":false},"author":1,"featured_media":24280,"comment_status":"open","ping_status":"open","sticky":false,"template":"","format":"standard","meta":{"_jetpack_memberships_contains_paid_content":false,"footnotes":""},"categories":[2],"tags":[],"class_list":["post-24279","post","type-post","status-publish","format-standard","has-post-thumbnail","hentry","category-estado"],"jetpack_featured_media_url":"https:\/\/encuentroinformativo.com.mx\/wp-content\/uploads\/2022\/03\/19E081C3-CBDB-4E33-9AEC-C959489CE346.jpeg","jetpack_sharing_enabled":true,"jetpack_likes_enabled":true,"amp_enabled":true,"_links":{"self":[{"href":"https:\/\/encuentroinformativo.com.mx\/index.php?rest_route=\/wp\/v2\/posts\/24279","targetHints":{"allow":["GET"]}}],"collection":[{"href":"https:\/\/encuentroinformativo.com.mx\/index.php?rest_route=\/wp\/v2\/posts"}],"about":[{"href":"https:\/\/encuentroinformativo.com.mx\/index.php?rest_route=\/wp\/v2\/types\/post"}],"author":[{"embeddable":true,"href":"https:\/\/encuentroinformativo.com.mx\/index.php?rest_route=\/wp\/v2\/users\/1"}],"replies":[{"embeddable":true,"href":"https:\/\/encuentroinformativo.com.mx\/index.php?rest_route=%2Fwp%2Fv2%2Fcomments&post=24279"}],"version-history":[{"count":1,"href":"https:\/\/encuentroinformativo.com.mx\/index.php?rest_route=\/wp\/v2\/posts\/24279\/revisions"}],"predecessor-version":[{"id":24281,"href":"https:\/\/encuentroinformativo.com.mx\/index.php?rest_route=\/wp\/v2\/posts\/24279\/revisions\/24281"}],"wp:featuredmedia":[{"embeddable":true,"href":"https:\/\/encuentroinformativo.com.mx\/index.php?rest_route=\/wp\/v2\/media\/24280"}],"wp:attachment":[{"href":"https:\/\/encuentroinformativo.com.mx\/index.php?rest_route=%2Fwp%2Fv2%2Fmedia&parent=24279"}],"wp:term":[{"taxonomy":"category","embeddable":true,"href":"https:\/\/encuentroinformativo.com.mx\/index.php?rest_route=%2Fwp%2Fv2%2Fcategories&post=24279"},{"taxonomy":"post_tag","embeddable":true,"href":"https:\/\/encuentroinformativo.com.mx\/index.php?rest_route=%2Fwp%2Fv2%2Ftags&post=24279"}],"curies":[{"name":"wp","href":"https:\/\/api.w.org\/{rel}","templated":true}]}}