{"id":24290,"date":"2022-03-05T16:06:43","date_gmt":"2022-03-05T22:06:43","guid":{"rendered":"https:\/\/encuentroinformativo.com.mx\/?p=24290"},"modified":"2022-03-05T16:06:47","modified_gmt":"2022-03-05T22:06:47","slug":"sev-pudo-haber-rescatado-escuela-de-tiempo-completo-en-veracruz","status":"publish","type":"post","link":"https:\/\/encuentroinformativo.com.mx\/?p=24290","title":{"rendered":"SEV pudo haber rescatado escuela de tiempo completo en Veracruz"},"content":{"rendered":"\n<p><strong>Alejandro \u00c1vila<\/strong><\/p>\n\n\n\n<p>Veracruz, Ver.- De no haber incurrido en su subejercicio, la Secretar\u00eda de Educaci\u00f3n de Veracruz (SEV) pudo haber rescatado las escuelas de tiempo completo, se\u00f1al\u00f3 el Senador, Julen Rementer\u00eda del Puerto.<\/p>\n\n\n\n<p>El legislador veracruzano record\u00f3 que, a pesar de que el Gobierno Federal dispuso suspender el programa, mencion\u00f3 que los estados podr\u00edan continuar con el mismo.<\/p>\n\n\n\n<p>En ese sentido, Veracruz pudo haber mantenido las m\u00e1s de mil escuelas que desaparecer\u00e1n, pues de no haber ca\u00eddo en subejercicio de 300 millones de pesos en 2022, habr\u00eda presupuesto para que miles de alumnos no se vieran afectados.<\/p>\n\n\n\n<p>\u201cNo lo digo yo, lo dicen las autoridades, hay m\u00e1s de mil escuelas que son afectadas (\u2026) \u00bfpor qu\u00e9 hacen eso? Por que no tienen suficientes recursos, pero por qu\u00e9 no lo tienen, no s\u00e9 la Federaci\u00f3n, pero aqu\u00ed en el caso de Veracruz ha sido el caso que han tenido que devolver porque no se ejercieron. Ya lo hicieron el a\u00f1o pasado, ya lo hicieron el anterior\u201d, remat\u00f3.<\/p>\n\n\n\n<p>Resalt\u00f3 que en Veracruz estas escuelas se ubicaban en comunidades de alta marginaci\u00f3n, por lo que se contrapone a los principios que siempre pregonan de \u201cprimero los pobres\u201d.<\/p>\n","protected":false},"excerpt":{"rendered":"<p>Alejandro \u00c1vila Veracruz, Ver.- De no haber incurrido en su subejercicio, la Secretar\u00eda de Educaci\u00f3n de Veracruz (SEV) pudo haber rescatado las escuelas de tiempo completo, se\u00f1al\u00f3 el Senador, Julen Rementer\u00eda del Puerto. El legislador veracruzano record\u00f3 que, a pesar de que el Gobierno Federal dispuso suspender el programa, mencion\u00f3 que los estados podr\u00edan continuar [&hellip;]<\/p>\n","protected":false},"author":1,"featured_media":24291,"comment_status":"open","ping_status":"open","sticky":false,"template":"","format":"standard","meta":{"_jetpack_memberships_contains_paid_content":false,"footnotes":""},"categories":[2],"tags":[],"class_list":["post-24290","post","type-post","status-publish","format-standard","has-post-thumbnail","hentry","category-estado"],"jetpack_featured_media_url":"https:\/\/encuentroinformativo.com.mx\/wp-content\/uploads\/2022\/03\/ED4BB3E7-C8A1-47A9-BDEE-9CC6C9B2516D.jpeg","jetpack_sharing_enabled":true,"jetpack_likes_enabled":true,"amp_enabled":true,"_links":{"self":[{"href":"https:\/\/encuentroinformativo.com.mx\/index.php?rest_route=\/wp\/v2\/posts\/24290","targetHints":{"allow":["GET"]}}],"collection":[{"href":"https:\/\/encuentroinformativo.com.mx\/index.php?rest_route=\/wp\/v2\/posts"}],"about":[{"href":"https:\/\/encuentroinformativo.com.mx\/index.php?rest_route=\/wp\/v2\/types\/post"}],"author":[{"embeddable":true,"href":"https:\/\/encuentroinformativo.com.mx\/index.php?rest_route=\/wp\/v2\/users\/1"}],"replies":[{"embeddable":true,"href":"https:\/\/encuentroinformativo.com.mx\/index.php?rest_route=%2Fwp%2Fv2%2Fcomments&post=24290"}],"version-history":[{"count":1,"href":"https:\/\/encuentroinformativo.com.mx\/index.php?rest_route=\/wp\/v2\/posts\/24290\/revisions"}],"predecessor-version":[{"id":24292,"href":"https:\/\/encuentroinformativo.com.mx\/index.php?rest_route=\/wp\/v2\/posts\/24290\/revisions\/24292"}],"wp:featuredmedia":[{"embeddable":true,"href":"https:\/\/encuentroinformativo.com.mx\/index.php?rest_route=\/wp\/v2\/media\/24291"}],"wp:attachment":[{"href":"https:\/\/encuentroinformativo.com.mx\/index.php?rest_route=%2Fwp%2Fv2%2Fmedia&parent=24290"}],"wp:term":[{"taxonomy":"category","embeddable":true,"href":"https:\/\/encuentroinformativo.com.mx\/index.php?rest_route=%2Fwp%2Fv2%2Fcategories&post=24290"},{"taxonomy":"post_tag","embeddable":true,"href":"https:\/\/encuentroinformativo.com.mx\/index.php?rest_route=%2Fwp%2Fv2%2Ftags&post=24290"}],"curies":[{"name":"wp","href":"https:\/\/api.w.org\/{rel}","templated":true}]}}