{"id":243,"date":"2020-02-28T23:03:38","date_gmt":"2020-02-28T23:03:38","guid":{"rendered":"https:\/\/encuentroinformativodotcomdotmx.wordpress.com\/2020\/02\/28\/ardio-camion-frente-al-itesco-en-coatzacoalcos\/"},"modified":"2020-03-04T08:32:24","modified_gmt":"2020-03-04T08:32:24","slug":"ardio-camion-frente-al-itesco-en-coatzacoalcos","status":"publish","type":"post","link":"https:\/\/encuentroinformativo.com.mx\/?p=243","title":{"rendered":"Ardi\u00f3 cami\u00f3n frente al Itesco en Coatzacoalcos"},"content":{"rendered":"\n<figure class=\"wp-block-image size-large\"><img loading=\"lazy\" decoding=\"async\" width=\"960\" height=\"1280\" src=\"https:\/\/encuentroinformativo.com.mx\/wp-content\/uploads\/2020\/02\/7a8b7a20-0f4b-46e6-b0d0-6f26e023f6bc.jpg?w=768\" alt=\"\" class=\"wp-image-242\" srcset=\"https:\/\/encuentroinformativo.com.mx\/wp-content\/uploads\/2020\/02\/7a8b7a20-0f4b-46e6-b0d0-6f26e023f6bc.jpg 960w, https:\/\/encuentroinformativo.com.mx\/wp-content\/uploads\/2020\/02\/7a8b7a20-0f4b-46e6-b0d0-6f26e023f6bc-225x300.jpg 225w, https:\/\/encuentroinformativo.com.mx\/wp-content\/uploads\/2020\/02\/7a8b7a20-0f4b-46e6-b0d0-6f26e023f6bc-768x1024.jpg 768w\" sizes=\"auto, (max-width: 960px) 100vw, 960px\" \/><\/figure>\n\n\n\n<p><strong>Redacci\u00f3n<\/strong> <\/p>\n\n\n\n<p>Coatzacoalcos,Ver.- El cami\u00f3n urbano, marcado con el n\u00famero 224 se incendio cuando transitaba sobre la avenida Universidad frente a las instalaciones del Instituto Tecnol\u00f3gico Superior de Coatzacoalcos (ITESCO).<\/p>\n\n\n\n<p>Hasta el momento se desconocen las causas que gener\u00f3 el incendio de la unidad que el fuego r\u00e1pidamente se expandi\u00f3 en la parte frontal de la carrocer\u00eda.<\/p>\n\n\n\n<p>Al lugar del incendio llegaron elementos de Protecci\u00f3n Civil y Bomberos, quienes sofocaron el incendio sin que se reportaran personas lesionadas.<\/p>\n\n\n\n<p>Debido a esta situaci\u00f3n la circulaci\u00f3n fue interrumpida algunos minutos mientras los cuerpos de emergencia llevaron a cabo las maniobras para combatir el incendio del cami\u00f3n en su totalidad.<\/p>\n","protected":false},"excerpt":{"rendered":"<p>Redacci\u00f3n Coatzacoalcos,Ver.- El cami\u00f3n urbano, marcado con el n\u00famero 224 se incendio cuando transitaba sobre la avenida Universidad frente a las instalaciones del Instituto Tecnol\u00f3gico Superior de Coatzacoalcos (ITESCO). Hasta el momento se desconocen las causas que gener\u00f3 el incendio de la unidad que el fuego r\u00e1pidamente se expandi\u00f3 en la parte frontal de la [&hellip;]<\/p>\n","protected":false},"author":1,"featured_media":241,"comment_status":"open","ping_status":"open","sticky":false,"template":"","format":"standard","meta":{"_jetpack_memberships_contains_paid_content":false,"footnotes":""},"categories":[14],"tags":[],"class_list":["post-243","post","type-post","status-publish","format-standard","has-post-thumbnail","hentry","category-policiaca"],"jetpack_featured_media_url":"https:\/\/encuentroinformativo.com.mx\/wp-content\/uploads\/2020\/02\/dcf806ec-c9a9-4390-9ecf-330861703819.jpg","jetpack_sharing_enabled":true,"jetpack_likes_enabled":true,"amp_enabled":true,"_links":{"self":[{"href":"https:\/\/encuentroinformativo.com.mx\/index.php?rest_route=\/wp\/v2\/posts\/243","targetHints":{"allow":["GET"]}}],"collection":[{"href":"https:\/\/encuentroinformativo.com.mx\/index.php?rest_route=\/wp\/v2\/posts"}],"about":[{"href":"https:\/\/encuentroinformativo.com.mx\/index.php?rest_route=\/wp\/v2\/types\/post"}],"author":[{"embeddable":true,"href":"https:\/\/encuentroinformativo.com.mx\/index.php?rest_route=\/wp\/v2\/users\/1"}],"replies":[{"embeddable":true,"href":"https:\/\/encuentroinformativo.com.mx\/index.php?rest_route=%2Fwp%2Fv2%2Fcomments&post=243"}],"version-history":[{"count":1,"href":"https:\/\/encuentroinformativo.com.mx\/index.php?rest_route=\/wp\/v2\/posts\/243\/revisions"}],"predecessor-version":[{"id":364,"href":"https:\/\/encuentroinformativo.com.mx\/index.php?rest_route=\/wp\/v2\/posts\/243\/revisions\/364"}],"wp:featuredmedia":[{"embeddable":true,"href":"https:\/\/encuentroinformativo.com.mx\/index.php?rest_route=\/wp\/v2\/media\/241"}],"wp:attachment":[{"href":"https:\/\/encuentroinformativo.com.mx\/index.php?rest_route=%2Fwp%2Fv2%2Fmedia&parent=243"}],"wp:term":[{"taxonomy":"category","embeddable":true,"href":"https:\/\/encuentroinformativo.com.mx\/index.php?rest_route=%2Fwp%2Fv2%2Fcategories&post=243"},{"taxonomy":"post_tag","embeddable":true,"href":"https:\/\/encuentroinformativo.com.mx\/index.php?rest_route=%2Fwp%2Fv2%2Ftags&post=243"}],"curies":[{"name":"wp","href":"https:\/\/api.w.org\/{rel}","templated":true}]}}