{"id":24301,"date":"2022-03-05T16:14:31","date_gmt":"2022-03-05T22:14:31","guid":{"rendered":"https:\/\/encuentroinformativo.com.mx\/?p=24301"},"modified":"2022-03-05T16:14:35","modified_gmt":"2022-03-05T22:14:35","slug":"joven-de-20-anos-muere-ahogado-en-playas-de-tuxpan","status":"publish","type":"post","link":"https:\/\/encuentroinformativo.com.mx\/?p=24301","title":{"rendered":"Joven de 20 a\u00f1os muere ahogado en playas de Tuxpan"},"content":{"rendered":"\n<p><strong>Alejandro \u00c1vila<\/strong><\/p>\n\n\n\n<p>Tuxpan, Ver.- Un joven de aproximadamente 20 a\u00f1os de edad, perdi\u00f3 la vida la tarde de este s\u00e1bado, tras ahogarse en la playa San Antonio del municipio de Tuxpan.<\/p>\n\n\n\n<p>Testigos se\u00f1alan que el joven sobrepaso los l\u00edmites de nado pre establecidos, y aunque solicit\u00f3 auxilio, las personas que lo acompa\u00f1aban no pudieron hacer nada m\u00e1s por \u00e9l.<\/p>\n\n\n\n<p>Al lugar acudieron elementos de Protecci\u00f3n Civil y Polic\u00eda Municipal, adem\u00e1s de personal de la Unidad Integral de Procuraci\u00f3n de Justicia a realizar el levantamiento de la v\u00edctima.<\/p>\n\n\n\n<p>El ahora fallecido, de manera oficial, est\u00e1 como no identificado, aunque se pudo conocee que contaba con aproximadamente 20 a\u00f1os, y era estudiante de preparatoria.<\/p>\n\n\n\n<p>Se pudo conocer que, el ahora occiso hab\u00eda llegado al municipio para divertirse en compa\u00f1ia de familiares y amigos, sin imaginar que ser\u00eda arrastrado por la marea.<\/p>\n\n\n\n<p>Polic\u00edas Ministeriales con apoyo de peritos de la Unidad Integral de Procuraci\u00f3n de Justicia, levantaron el cuerpo y lo trasladaron al SEMEFO para le necropsia de ley.<\/p>\n","protected":false},"excerpt":{"rendered":"<p>Alejandro \u00c1vila Tuxpan, Ver.- Un joven de aproximadamente 20 a\u00f1os de edad, perdi\u00f3 la vida la tarde de este s\u00e1bado, tras ahogarse en la playa San Antonio del municipio de Tuxpan. Testigos se\u00f1alan que el joven sobrepaso los l\u00edmites de nado pre establecidos, y aunque solicit\u00f3 auxilio, las personas que lo acompa\u00f1aban no pudieron hacer [&hellip;]<\/p>\n","protected":false},"author":1,"featured_media":24294,"comment_status":"open","ping_status":"open","sticky":false,"template":"","format":"standard","meta":{"_jetpack_memberships_contains_paid_content":false,"footnotes":""},"categories":[2],"tags":[],"class_list":["post-24301","post","type-post","status-publish","format-standard","has-post-thumbnail","hentry","category-estado"],"jetpack_featured_media_url":"https:\/\/encuentroinformativo.com.mx\/wp-content\/uploads\/2022\/03\/EDFFF799-F820-464F-81C8-1DF083A50815.jpeg","jetpack_sharing_enabled":true,"jetpack_likes_enabled":true,"amp_enabled":true,"_links":{"self":[{"href":"https:\/\/encuentroinformativo.com.mx\/index.php?rest_route=\/wp\/v2\/posts\/24301","targetHints":{"allow":["GET"]}}],"collection":[{"href":"https:\/\/encuentroinformativo.com.mx\/index.php?rest_route=\/wp\/v2\/posts"}],"about":[{"href":"https:\/\/encuentroinformativo.com.mx\/index.php?rest_route=\/wp\/v2\/types\/post"}],"author":[{"embeddable":true,"href":"https:\/\/encuentroinformativo.com.mx\/index.php?rest_route=\/wp\/v2\/users\/1"}],"replies":[{"embeddable":true,"href":"https:\/\/encuentroinformativo.com.mx\/index.php?rest_route=%2Fwp%2Fv2%2Fcomments&post=24301"}],"version-history":[{"count":1,"href":"https:\/\/encuentroinformativo.com.mx\/index.php?rest_route=\/wp\/v2\/posts\/24301\/revisions"}],"predecessor-version":[{"id":24302,"href":"https:\/\/encuentroinformativo.com.mx\/index.php?rest_route=\/wp\/v2\/posts\/24301\/revisions\/24302"}],"wp:featuredmedia":[{"embeddable":true,"href":"https:\/\/encuentroinformativo.com.mx\/index.php?rest_route=\/wp\/v2\/media\/24294"}],"wp:attachment":[{"href":"https:\/\/encuentroinformativo.com.mx\/index.php?rest_route=%2Fwp%2Fv2%2Fmedia&parent=24301"}],"wp:term":[{"taxonomy":"category","embeddable":true,"href":"https:\/\/encuentroinformativo.com.mx\/index.php?rest_route=%2Fwp%2Fv2%2Fcategories&post=24301"},{"taxonomy":"post_tag","embeddable":true,"href":"https:\/\/encuentroinformativo.com.mx\/index.php?rest_route=%2Fwp%2Fv2%2Ftags&post=24301"}],"curies":[{"name":"wp","href":"https:\/\/api.w.org\/{rel}","templated":true}]}}