{"id":24312,"date":"2022-03-06T12:27:14","date_gmt":"2022-03-06T18:27:14","guid":{"rendered":"https:\/\/encuentroinformativo.com.mx\/?p=24312"},"modified":"2022-03-06T12:27:17","modified_gmt":"2022-03-06T18:27:17","slug":"el-feminismo-es-libertad-y-respeto","status":"publish","type":"post","link":"https:\/\/encuentroinformativo.com.mx\/?p=24312","title":{"rendered":"El feminismo es libertad y respeto"},"content":{"rendered":"\n<p><strong>Zaira Rosas<\/strong><\/p>\n\n\n\n<p>Estamos por conmemorar el D\u00eda Internacional de la Mujer, una fecha que busca revindicar los derechos que deber\u00edan correspondernos por el simple hecho de ser personas, pero en la realidad son un poco dispares por el g\u00e9nero. Esta no ser\u00e1 una fecha para felicitarnos, s\u00ed para reconocernos. No es un d\u00eda en el que se tengan que regalar flores, s\u00ed&nbsp;es un d\u00eda&nbsp;para hacer conciencia.&nbsp;<\/p>\n\n\n\n<p>Como mujer me he visto en la necesidad de cuestionar algunos estereotipos, reaprender modelos de comportamiento e incluso mostrar inconformidad con ciertos comentarios que no son ni ser\u00e1n normales. Estoy segura que muchas familias comenzaron a entender la igualdad con nuevas generaciones, pero no lo hac\u00edan con sus iguales. Que a lo largo de m\u00faltiples a\u00f1os hemos justificado la desigualdad en diferencias f\u00edsicas y culturales, que poco a poco hemos visto la necesidad de acciones y espacios equitativos, pero a\u00fan tenemos mucho trabajo pendiente.&nbsp;<\/p>\n\n\n\n<p>El feminismo ha sido un movimiento inc\u00f3modo, pero tambi\u00e9n liberador,&nbsp;porque nos ha mostrado distintos roles que cualquiera puede ejercer. Ha sido inc\u00f3modo para grandes compa\u00f1\u00edas donde las mujeres pod\u00edan incursionar como mano de obra barata,&nbsp;sin recibir los mismos derechos;&nbsp;inc\u00f3modo para quienes exigen las mismas oportunidades que reciben los hombres, inc\u00f3modo para los gobiernos cuando se les piden leyes equitativas y justicia por igual.&nbsp;<\/p>\n\n\n\n<p>Sin el feminismo y la perspectiva de g\u00e9nero infinidad de cr\u00edmenes seguir\u00edan impunes y aunque a\u00fan nos queda un tramo inmenso por entender, s\u00ed hemos avanzado en la comprensi\u00f3n de roles y la distribuci\u00f3n de tareas. Sin embargo, el machismo en Am\u00e9rica Latina est\u00e1 profundamente arraigado, aunque aparentemente el discurso se entiende, en la acci\u00f3n no vemos del todo resultados. La justificaci\u00f3n de la violencia y el normalizar agresiones bajo la excusa de que as\u00ed son los hombres, ha privado a muchas generaciones de explorar nuevas formas de vincularse y expresar su identidad.&nbsp;<\/p>\n\n\n\n<p>Bajo estos mismos pretextos como mujeres tambi\u00e9n nos hemos atado a distintos roles:&nbsp;el de hija, el de madre, el de la empleada perfecta que busca demostrar que su capacidad es igual o mayor&nbsp;a la de sus colegas, pero que a\u00fan as\u00ed llega a trabajar a\u00fan m\u00e1s en lo que llama hogar. Con esas excusas nos encerramos tolerando, quej\u00e1ndonos de encajar en moldes que pocas han cuestionado y que pese a saber que nos lastiman los&nbsp;perpetuamos, porque nos ense\u00f1aron que as\u00ed ten\u00eda que ser.&nbsp;<\/p>\n\n\n\n<p>A\u00fan pese a mi formaci\u00f3n y conocimiento del tema me he sorprendido&nbsp;sonriendo&nbsp;inc\u00f3modamente&nbsp;ante comentarios verdaderamente&nbsp;absurdos&nbsp;sobre mi cuerpo, mi&nbsp;trabajo, bromitas mis\u00f3ginas que para algunos son inofensivas,&nbsp;y pese a ser molestos en mi prevalec\u00eda la idea de que&nbsp;la educaci\u00f3n de una dama dictaba siempre demostrar prudencia. Las mismas actitudes que en hombres son asertividad en nosotras se ven como agresivas.&nbsp;Y ahora que lo pienso,&nbsp;justo muchas veces se nos educa con frases como \u201ccalladita te ves m\u00e1s bonita\u201d,&nbsp;pero despu\u00e9s si no pones l\u00edmites, la culpa termina siendo tuya.&nbsp;<\/p>\n\n\n\n<p>El feminismo es inc\u00f3modo para el opresor, pero entre mujeres deber\u00eda ser una bandera de liberaci\u00f3n, porque no importa cu\u00e1les sean tus sue\u00f1os, gracias a la lucha de esas mujeres que anta\u00f1o tildaron de brujas, de radicales, de locas e intensas hoy tienes la libertad de decidir cu\u00e1l quieres que sea tu camino. Gracias a esas mujeres que constantemente etiquetaron hoy puedes desprenderte de complejos y alzar la voz con m\u00e1s fuerza.&nbsp;<\/p>\n\n\n\n<p>Ahora nuestra tarea pendiente es creerlo,&nbsp;sabernos capaces de lograr lo que&nbsp;sea,&nbsp;ofrecer&nbsp;ese mismo respeto entre nosotras, dejar de se\u00f1alar despectivamente a la otra que no vive la vida bajo los par\u00e1metros en los que yo&nbsp;creo. El feminismo es libertad porque nadie tendr\u00eda por qu\u00e9 decirte c\u00f3mo vivir cada uno de tus anhelos, nadie deber\u00eda frenar tus oportunidades o reprocharte si tus expectativas no se ajustan a lo que esperaba la sociedad. El feminismo es respeto&nbsp;a los derechos por igual, a las ideas y decisiones.&nbsp;<\/p>\n\n\n\n<p>Gracias al feminismo hoy tenemos nuevos espacios de expresi\u00f3n que nos han mostrado nuevas formas de apego, estamos aprendiendo a respetar el crecimiento de cada ser y recobrando esa necesidad de tambi\u00e9n aprender, crear y vivir bajo la misma oportunidad que los hombres han tenido durante a\u00f1os. Por eso el feminismo deber\u00eda estar presente desde temprana edad en un hogar, para que al crecer la mente no est\u00e9 carente de posibilidades.&nbsp;Al final necesitamos&nbsp;de&nbsp;m\u00e1s padres comprometidos con&nbsp;la crianza y las tareas de casa, mujeres entregadas a los \u00e1mbitos sociales y la lucha por la igualdad. Porque s\u00f3lo as\u00ed va a disminuir la violencia, con hombres m\u00e1s sensibles ante la necesidad de los dem\u00e1s&nbsp;y tendremos empat\u00eda ante las diferencias, descubriendo que detr\u00e1s de ellas hay fortalezas y no debilidades.<\/p>\n","protected":false},"excerpt":{"rendered":"<p>Zaira Rosas Estamos por conmemorar el D\u00eda Internacional de la Mujer, una fecha que busca revindicar los derechos que deber\u00edan correspondernos por el simple hecho de ser personas, pero en la realidad son un poco dispares por el g\u00e9nero. Esta no ser\u00e1 una fecha para felicitarnos, s\u00ed para reconocernos. No es un d\u00eda en el [&hellip;]<\/p>\n","protected":false},"author":1,"featured_media":387,"comment_status":"open","ping_status":"open","sticky":false,"template":"","format":"standard","meta":{"_jetpack_memberships_contains_paid_content":false,"footnotes":""},"categories":[11],"tags":[],"class_list":["post-24312","post","type-post","status-publish","format-standard","has-post-thumbnail","hentry","category-opinion"],"jetpack_featured_media_url":"https:\/\/encuentroinformativo.com.mx\/wp-content\/uploads\/2020\/03\/7CF8A22B-2764-47BE-8F7F-38FE9E5D6A2F.jpeg","jetpack_sharing_enabled":true,"jetpack_likes_enabled":true,"amp_enabled":true,"_links":{"self":[{"href":"https:\/\/encuentroinformativo.com.mx\/index.php?rest_route=\/wp\/v2\/posts\/24312","targetHints":{"allow":["GET"]}}],"collection":[{"href":"https:\/\/encuentroinformativo.com.mx\/index.php?rest_route=\/wp\/v2\/posts"}],"about":[{"href":"https:\/\/encuentroinformativo.com.mx\/index.php?rest_route=\/wp\/v2\/types\/post"}],"author":[{"embeddable":true,"href":"https:\/\/encuentroinformativo.com.mx\/index.php?rest_route=\/wp\/v2\/users\/1"}],"replies":[{"embeddable":true,"href":"https:\/\/encuentroinformativo.com.mx\/index.php?rest_route=%2Fwp%2Fv2%2Fcomments&post=24312"}],"version-history":[{"count":1,"href":"https:\/\/encuentroinformativo.com.mx\/index.php?rest_route=\/wp\/v2\/posts\/24312\/revisions"}],"predecessor-version":[{"id":24313,"href":"https:\/\/encuentroinformativo.com.mx\/index.php?rest_route=\/wp\/v2\/posts\/24312\/revisions\/24313"}],"wp:featuredmedia":[{"embeddable":true,"href":"https:\/\/encuentroinformativo.com.mx\/index.php?rest_route=\/wp\/v2\/media\/387"}],"wp:attachment":[{"href":"https:\/\/encuentroinformativo.com.mx\/index.php?rest_route=%2Fwp%2Fv2%2Fmedia&parent=24312"}],"wp:term":[{"taxonomy":"category","embeddable":true,"href":"https:\/\/encuentroinformativo.com.mx\/index.php?rest_route=%2Fwp%2Fv2%2Fcategories&post=24312"},{"taxonomy":"post_tag","embeddable":true,"href":"https:\/\/encuentroinformativo.com.mx\/index.php?rest_route=%2Fwp%2Fv2%2Ftags&post=24312"}],"curies":[{"name":"wp","href":"https:\/\/api.w.org\/{rel}","templated":true}]}}