{"id":2432,"date":"2020-05-10T12:36:27","date_gmt":"2020-05-10T17:36:27","guid":{"rendered":"https:\/\/encuentroinformativo.com\/?p=2432"},"modified":"2020-05-10T12:36:30","modified_gmt":"2020-05-10T17:36:30","slug":"municipios-marginados-mas-vulnerables-ante-covid-19","status":"publish","type":"post","link":"https:\/\/encuentroinformativo.com.mx\/?p=2432","title":{"rendered":"Municipios marginados m\u00e1s vulnerables ante Covid-19"},"content":{"rendered":"\n<p>Ciudad de M\u00e9xico.- En M\u00e9xico, la COVID-19 inici\u00f3 en contextos urbanos, pero los municipios marginados, lejanos y menos poblados son m\u00e1s vulnerables y tendr\u00e1n mayores complicaciones para hacer frente a la enfermedad del coronavirus, afirm\u00f3 Manuel Su\u00e1rez Lastra, director del\u00a0<a rel=\"noreferrer noopener\" href=\"https:\/\/www.igg.unam.mx\/geoigg\/\" target=\"_blank\">Instituto de Geograf\u00eda<\/a>(IGg) de la UNAM.\u00a0<\/p>\n\n\n\n<p>Al referirse al estudio\u00a0<a rel=\"noreferrer noopener\" href=\"https:\/\/www.igg.unam.mx\/covid-19\/Vista\/archivos\/vulnerabilidad.pdf\" target=\"_blank\">\u00cdndice de vulnerabilidad en M\u00e9xico ante COVID-19<\/a>, realizado por distintas entidades de la Universidad Nacional y presentado recientemente, subray\u00f3 que esas comunidades a\u00fan no registran contagios, pero son m\u00e1s sensibles; \u201cla pasar\u00e1n muy mal en t\u00e9rminos econ\u00f3micos y les costar\u00e1 recuperarse, porque ah\u00ed la crisis econ\u00f3mica ser\u00e1 m\u00e1s dif\u00edcil que la propia emergencia sanitaria\u201d. No obstante, estamos a tiempo de atenderlas.<\/p>\n\n\n\n<p>Ante la pandemia todos somos vulnerables, pero la distribuci\u00f3n y combinaci\u00f3n de factores demogr\u00e1ficos, socioecon\u00f3micos y de salud hacen que los niveles de fragilidad de la poblaci\u00f3n que habita en los municipios sean diferentes, dijo al participar en el ciclo de conferencias virtuales \u201cPUEC en casa, la ciudad y la pandemia\u201d, organizado por el Programa Universitario de Estudios sobre la Ciudad (PUEC).<\/p>\n\n\n\n<p>Por ejemplo, en el centro de las zonas metropolitanas de Guadalajara, Monterrey y Puebla se presentan los patrones de menor vulnerabilidad, y a medida que se avanza a las periferias la fragilidad es mayor. \u201cEs un patr\u00f3n desafortunado porque las poblaciones m\u00e1s marginadas en t\u00e9rminos socioecon\u00f3micos, tambi\u00e9n lo son en cuanto al acceso a servicios de salud\u201d.<\/p>\n\n\n\n<p>En la Zona Metropolitana de la Ciudad de M\u00e9xico la mayor vulnerabilidad est\u00e1 en la periferia, en alcald\u00edas como Iztapalapa, Milpa Alta y Tl\u00e1huac, adem\u00e1s de todos los municipios conurbados del Estado de M\u00e9xico.<\/p>\n\n\n\n<p><strong>Fen\u00f3meno urbano<\/strong><\/p>\n\n\n\n<p>En su exposici\u00f3n \u201cLa geograf\u00eda de la pandemia\u201d, el director del IGg detall\u00f3 que la COVID-19 es un fen\u00f3meno urbano: el SARS CoV-2 \u201ces un virus importado, cuyo contagio en nuestro pa\u00eds inici\u00f3 en las metr\u00f3polis mexicanas; sin embargo, poco a poco se ha extendido por todo el territorio para transformarse en un problema de salud cada vez menos urbano\u201d.<\/p>\n\n\n\n<p>En el an\u00e1lisis de este fen\u00f3meno hay dos geograf\u00edas: una a escala nacional, donde se observa c\u00f3mo se expande la enfermedad en nuestro territorio y a qu\u00e9 tipo de poblaciones afecta, y la otra es la urbana, porque hacia adentro de las ciudades tambi\u00e9n hay diferencias en cuanto a la vulnerabilidad de los distintos grupos.<\/p>\n\n\n\n<p>\u201cHemos tratado de ver cu\u00e1les son los sitios m\u00e1s vulnerables del pa\u00eds, y en zonas metropolitanas y urbanas grandes, cu\u00e1les son las \u00e1reas m\u00e1s susceptibles, y comparar c\u00f3mo se ha expandido el virus\u201d.<\/p>\n\n\n\n<p>A partir de indicadores socioecon\u00f3micos, demogr\u00e1ficos y de salud se busc\u00f3 determinar cu\u00e1les son los municipios m\u00e1s propensos a tener complicaciones por la crisis sanitaria, remarc\u00f3 Su\u00e1rez Lastra.\u00a0<\/p>\n\n\n\n<p>El hecho de que municipios conurbados sean m\u00e1s vulnerables que los centros de las grandes zonas metropolitanas, evidencia la necesidad de repensar la distribuci\u00f3n de los sistemas de salud, sin que pierdan su centralidad. \u201cSe debe asegurar la cobertura generalizada\u201d.<\/p>\n\n\n\n<p>Por \u00faltimo, se\u00f1al\u00f3 que los mapas generados podr\u00edan ofrecer informaci\u00f3n para los tomadores de decisiones y para la reasignaci\u00f3n de presupuestos, a fin de contribuir a la recuperaci\u00f3n econ\u00f3mica de los municipios.<\/p>\n\n\n\n<p>En el estudio colaboraron los institutos de Geograf\u00eda, Geof\u00edsica, y de Investigaciones en Matem\u00e1ticas Aplicadas y en Sistemas; las facultades de Medicina y Ciencias, adem\u00e1s de la Coordinaci\u00f3n de la Investigaci\u00f3n Cient\u00edfica.<\/p>\n\n\n\n<p><\/p>\n","protected":false},"excerpt":{"rendered":"<p>Ciudad de M\u00e9xico.- En M\u00e9xico, la COVID-19 inici\u00f3 en contextos urbanos, pero los municipios marginados, lejanos y menos poblados son m\u00e1s vulnerables y tendr\u00e1n mayores complicaciones para hacer frente a la enfermedad del coronavirus, afirm\u00f3 Manuel Su\u00e1rez Lastra, director del\u00a0Instituto de Geograf\u00eda(IGg) de la UNAM.\u00a0 Al referirse al estudio\u00a0\u00cdndice de vulnerabilidad en M\u00e9xico ante COVID-19, [&hellip;]<\/p>\n","protected":false},"author":1,"featured_media":2433,"comment_status":"open","ping_status":"open","sticky":false,"template":"","format":"standard","meta":{"_jetpack_memberships_contains_paid_content":false,"footnotes":""},"categories":[12],"tags":[],"class_list":["post-2432","post","type-post","status-publish","format-standard","has-post-thumbnail","hentry","category-nacional"],"jetpack_featured_media_url":"https:\/\/encuentroinformativo.com.mx\/wp-content\/uploads\/2020\/05\/EB533810-1ECA-4D96-B7D1-4EB27AD133C2.jpeg","jetpack_sharing_enabled":true,"jetpack_likes_enabled":true,"amp_enabled":true,"_links":{"self":[{"href":"https:\/\/encuentroinformativo.com.mx\/index.php?rest_route=\/wp\/v2\/posts\/2432","targetHints":{"allow":["GET"]}}],"collection":[{"href":"https:\/\/encuentroinformativo.com.mx\/index.php?rest_route=\/wp\/v2\/posts"}],"about":[{"href":"https:\/\/encuentroinformativo.com.mx\/index.php?rest_route=\/wp\/v2\/types\/post"}],"author":[{"embeddable":true,"href":"https:\/\/encuentroinformativo.com.mx\/index.php?rest_route=\/wp\/v2\/users\/1"}],"replies":[{"embeddable":true,"href":"https:\/\/encuentroinformativo.com.mx\/index.php?rest_route=%2Fwp%2Fv2%2Fcomments&post=2432"}],"version-history":[{"count":1,"href":"https:\/\/encuentroinformativo.com.mx\/index.php?rest_route=\/wp\/v2\/posts\/2432\/revisions"}],"predecessor-version":[{"id":2434,"href":"https:\/\/encuentroinformativo.com.mx\/index.php?rest_route=\/wp\/v2\/posts\/2432\/revisions\/2434"}],"wp:featuredmedia":[{"embeddable":true,"href":"https:\/\/encuentroinformativo.com.mx\/index.php?rest_route=\/wp\/v2\/media\/2433"}],"wp:attachment":[{"href":"https:\/\/encuentroinformativo.com.mx\/index.php?rest_route=%2Fwp%2Fv2%2Fmedia&parent=2432"}],"wp:term":[{"taxonomy":"category","embeddable":true,"href":"https:\/\/encuentroinformativo.com.mx\/index.php?rest_route=%2Fwp%2Fv2%2Fcategories&post=2432"},{"taxonomy":"post_tag","embeddable":true,"href":"https:\/\/encuentroinformativo.com.mx\/index.php?rest_route=%2Fwp%2Fv2%2Ftags&post=2432"}],"curies":[{"name":"wp","href":"https:\/\/api.w.org\/{rel}","templated":true}]}}