{"id":24320,"date":"2022-03-06T19:15:58","date_gmt":"2022-03-07T01:15:58","guid":{"rendered":"https:\/\/encuentroinformativo.com.mx\/?p=24320"},"modified":"2022-03-06T19:16:02","modified_gmt":"2022-03-07T01:16:02","slug":"solicitan-mayores-espacios-para-menores-con-autismo","status":"publish","type":"post","link":"https:\/\/encuentroinformativo.com.mx\/?p=24320","title":{"rendered":"Solicitan mayores espacios para menores con autismo"},"content":{"rendered":"\n<p><strong>Juan Arcos <\/strong><\/p>\n\n\n\n<p>Xalapa, Ver.- Ni\u00f1as, ni\u00f1os y j\u00f3venes con s\u00edndrome de espectro autista carecen de espacios para cine incluyente en el estado de Veracruz.<\/p>\n\n\n\n<p>As\u00ed lo dio a conocer Rosaura Demuner Carre\u00f3n, directora de la Asociaci\u00f3n Crece: Autismo y Discapacidad Intelectual, quien a\u00f1adi\u00f3 que actualmente no hay ese tipo de espacios.<\/p>\n\n\n\n<p>Esta semana acudi\u00f3 al Instituto de Pensiones del Estado (IPE) para solicitar que se realice una funci\u00f3n incluyente al mes en el cinema \u201cCarmela Rey\u201d, ubicado en Xalapa.<\/p>\n\n\n\n<p>\u201cEntregamos un documento al IPE para que abrieran una funci\u00f3n incluyente por lo menos una vez al mes. No existen actualmente espacios donde puedan disfrutar por ejemplo funciones de cine\u201d, expres\u00f3.<\/p>\n\n\n\n<p>Record\u00f3 que en otros estados de la Rep\u00fablica se llevan a cabo funciones incluyentes de la empresa Cin\u00e9polis, lo que ha ayudado a las familias con peque\u00f1os autistas.<\/p>\n\n\n\n<p>\u201cEn realidad estas funciones incluyentes se empezaron a hacer en estados de la Rep\u00fablica y ciudadanos muy grandes como Monterrey, Quer\u00e9taro, Ciudad de M\u00e9xico\u201d, a\u00f1adi\u00f3.<\/p>\n\n\n\n<p>En Veracruz no se ha obtenido una respuesta al respecto por parte de Cin\u00e9polis y, por ello, se solicita que haya funciones incluyentes en los cines que dependen del gobierno estatal.\u00a0<\/p>\n\n\n\n<p>\u201cActualmente el cine manejado por el estado, que acaban de inaugurar es gratuito, es el Carmela Rey, con m\u00e1s raz\u00f3n beneficiar\u00eda a familias\u201d, remat\u00f3,\u00a0<\/p>\n","protected":false},"excerpt":{"rendered":"<p>Juan Arcos Xalapa, Ver.- Ni\u00f1as, ni\u00f1os y j\u00f3venes con s\u00edndrome de espectro autista carecen de espacios para cine incluyente en el estado de Veracruz. As\u00ed lo dio a conocer Rosaura Demuner Carre\u00f3n, directora de la Asociaci\u00f3n Crece: Autismo y Discapacidad Intelectual, quien a\u00f1adi\u00f3 que actualmente no hay ese tipo de espacios. Esta semana acudi\u00f3 al [&hellip;]<\/p>\n","protected":false},"author":1,"featured_media":24321,"comment_status":"open","ping_status":"open","sticky":false,"template":"","format":"standard","meta":{"_jetpack_memberships_contains_paid_content":false,"footnotes":""},"categories":[3],"tags":[],"class_list":["post-24320","post","type-post","status-publish","format-standard","has-post-thumbnail","hentry","category-xalapa"],"jetpack_featured_media_url":"https:\/\/encuentroinformativo.com.mx\/wp-content\/uploads\/2022\/03\/66CEF748-7F48-4D53-9856-A2B58C228A62.jpeg","jetpack_sharing_enabled":true,"jetpack_likes_enabled":true,"amp_enabled":true,"_links":{"self":[{"href":"https:\/\/encuentroinformativo.com.mx\/index.php?rest_route=\/wp\/v2\/posts\/24320","targetHints":{"allow":["GET"]}}],"collection":[{"href":"https:\/\/encuentroinformativo.com.mx\/index.php?rest_route=\/wp\/v2\/posts"}],"about":[{"href":"https:\/\/encuentroinformativo.com.mx\/index.php?rest_route=\/wp\/v2\/types\/post"}],"author":[{"embeddable":true,"href":"https:\/\/encuentroinformativo.com.mx\/index.php?rest_route=\/wp\/v2\/users\/1"}],"replies":[{"embeddable":true,"href":"https:\/\/encuentroinformativo.com.mx\/index.php?rest_route=%2Fwp%2Fv2%2Fcomments&post=24320"}],"version-history":[{"count":1,"href":"https:\/\/encuentroinformativo.com.mx\/index.php?rest_route=\/wp\/v2\/posts\/24320\/revisions"}],"predecessor-version":[{"id":24322,"href":"https:\/\/encuentroinformativo.com.mx\/index.php?rest_route=\/wp\/v2\/posts\/24320\/revisions\/24322"}],"wp:featuredmedia":[{"embeddable":true,"href":"https:\/\/encuentroinformativo.com.mx\/index.php?rest_route=\/wp\/v2\/media\/24321"}],"wp:attachment":[{"href":"https:\/\/encuentroinformativo.com.mx\/index.php?rest_route=%2Fwp%2Fv2%2Fmedia&parent=24320"}],"wp:term":[{"taxonomy":"category","embeddable":true,"href":"https:\/\/encuentroinformativo.com.mx\/index.php?rest_route=%2Fwp%2Fv2%2Fcategories&post=24320"},{"taxonomy":"post_tag","embeddable":true,"href":"https:\/\/encuentroinformativo.com.mx\/index.php?rest_route=%2Fwp%2Fv2%2Ftags&post=24320"}],"curies":[{"name":"wp","href":"https:\/\/api.w.org\/{rel}","templated":true}]}}