{"id":24333,"date":"2022-03-07T11:53:58","date_gmt":"2022-03-07T17:53:58","guid":{"rendered":"https:\/\/encuentroinformativo.com.mx\/?p=24333"},"modified":"2022-03-07T11:54:02","modified_gmt":"2022-03-07T17:54:02","slug":"este-8m-congreso-local-tendra-conversatorio-virtual","status":"publish","type":"post","link":"https:\/\/encuentroinformativo.com.mx\/?p=24333","title":{"rendered":"Este 8M Congreso Local tendr\u00e1 conversatorio virtual"},"content":{"rendered":"\n<p><strong>Alejandro \u00c1vila<\/strong><\/p>\n\n\n\n<p>Veracruz, Ver.- Este martes 8 de marzo en conmemoraci\u00f3n del &#8220;D\u00eda Internacional de la Mujer&#8221;, el Congreso Local ha organizado un Conversatorio Virtual donde converger\u00e1n activistas y diputadas locales, a partir de las 10 de la ma\u00f1ana.<\/p>\n\n\n\n<p>En dicho conversatorio organizado por la diputada, Maribel Ram\u00edrez Topete, estar\u00e1n presentes la Colectiva Brujas del Mar; Mar\u00eda Elena Orantes, presidenta de 50+1 MX; las activistas Ang\u00e9lica de la Pe\u00f1a y Laura Ballesteros, la presidenta de CEDHV, Namiko Matzumoto; y diputadas locales.<\/p>\n\n\n\n<p>&#8220;Es urgente que sumemos esfuerzos para frenar la violencia feminicida en el estado, pues somos el segundo lugar nacional en la incidencia de este delito; adem\u00e1s, hace unos d\u00edas el Observatorio Veracruzano de Violencia contra las Mujeres revel\u00f3 que, en 2021 hubo 685 desaparecidas&#8221;, mencion\u00f3 la diputada, Anil\u00fa Ingram Vallines.<\/p>\n\n\n\n<p>La legisladora priista dijo que, este tipo de conversatorios deben ayudarles encontrar puntos de coincidencia qu\u00e9 les permitan que las veracruzanas, sin importar su edad, a que se dediquen o d\u00f3nde vivan, se sientan libres, plenas y seguras.<\/p>\n\n\n\n<p>&#8220;En lo personal, uno de los ejes de mi trabajo legislativo ha sido el de las mujeres, as\u00ed lo he hecho como diputada federal y por segunda vez como diputada local&#8221;, dijo Anil\u00fa Ingram, al tiempo que record\u00f3 que el pasado jueves realiz\u00f3 una mesa de trabajo con expertos, para presentar en pr\u00f3ximos d\u00edas la iniciativa Monse, misma que busca evitar que se encubren a feminicidas.<\/p>\n","protected":false},"excerpt":{"rendered":"<p>Alejandro \u00c1vila Veracruz, Ver.- Este martes 8 de marzo en conmemoraci\u00f3n del &#8220;D\u00eda Internacional de la Mujer&#8221;, el Congreso Local ha organizado un Conversatorio Virtual donde converger\u00e1n activistas y diputadas locales, a partir de las 10 de la ma\u00f1ana. En dicho conversatorio organizado por la diputada, Maribel Ram\u00edrez Topete, estar\u00e1n presentes la Colectiva Brujas del [&hellip;]<\/p>\n","protected":false},"author":1,"featured_media":24334,"comment_status":"open","ping_status":"open","sticky":false,"template":"","format":"standard","meta":{"_jetpack_memberships_contains_paid_content":false,"footnotes":""},"categories":[2],"tags":[],"class_list":["post-24333","post","type-post","status-publish","format-standard","has-post-thumbnail","hentry","category-estado"],"jetpack_featured_media_url":"https:\/\/encuentroinformativo.com.mx\/wp-content\/uploads\/2022\/03\/B0DD0132-0908-4310-809B-18B48A6EC878.jpeg","jetpack_sharing_enabled":true,"jetpack_likes_enabled":true,"amp_enabled":true,"_links":{"self":[{"href":"https:\/\/encuentroinformativo.com.mx\/index.php?rest_route=\/wp\/v2\/posts\/24333","targetHints":{"allow":["GET"]}}],"collection":[{"href":"https:\/\/encuentroinformativo.com.mx\/index.php?rest_route=\/wp\/v2\/posts"}],"about":[{"href":"https:\/\/encuentroinformativo.com.mx\/index.php?rest_route=\/wp\/v2\/types\/post"}],"author":[{"embeddable":true,"href":"https:\/\/encuentroinformativo.com.mx\/index.php?rest_route=\/wp\/v2\/users\/1"}],"replies":[{"embeddable":true,"href":"https:\/\/encuentroinformativo.com.mx\/index.php?rest_route=%2Fwp%2Fv2%2Fcomments&post=24333"}],"version-history":[{"count":1,"href":"https:\/\/encuentroinformativo.com.mx\/index.php?rest_route=\/wp\/v2\/posts\/24333\/revisions"}],"predecessor-version":[{"id":24335,"href":"https:\/\/encuentroinformativo.com.mx\/index.php?rest_route=\/wp\/v2\/posts\/24333\/revisions\/24335"}],"wp:featuredmedia":[{"embeddable":true,"href":"https:\/\/encuentroinformativo.com.mx\/index.php?rest_route=\/wp\/v2\/media\/24334"}],"wp:attachment":[{"href":"https:\/\/encuentroinformativo.com.mx\/index.php?rest_route=%2Fwp%2Fv2%2Fmedia&parent=24333"}],"wp:term":[{"taxonomy":"category","embeddable":true,"href":"https:\/\/encuentroinformativo.com.mx\/index.php?rest_route=%2Fwp%2Fv2%2Fcategories&post=24333"},{"taxonomy":"post_tag","embeddable":true,"href":"https:\/\/encuentroinformativo.com.mx\/index.php?rest_route=%2Fwp%2Fv2%2Ftags&post=24333"}],"curies":[{"name":"wp","href":"https:\/\/api.w.org\/{rel}","templated":true}]}}