{"id":24336,"date":"2022-03-07T12:37:26","date_gmt":"2022-03-07T18:37:26","guid":{"rendered":"https:\/\/encuentroinformativo.com.mx\/?p=24336"},"modified":"2022-03-07T12:37:29","modified_gmt":"2022-03-07T18:37:29","slug":"alumnos-reclaman-clases-presenciales-en-facultad-de-psicologia","status":"publish","type":"post","link":"https:\/\/encuentroinformativo.com.mx\/?p=24336","title":{"rendered":"Alumnos reclaman clases presenciales  en Facultad de Psicolog\u00eda"},"content":{"rendered":"\n<p><strong>Alejandro \u00c1vila<\/strong><\/p>\n\n\n\n<p>Boca del R\u00edo, Ver.- Alumnos de la Facultad de Psicolog\u00eda de la Universidad Veracruzana (UV) se manifestaron la ma\u00f1ana de este lunes en las instalaciones de la USBI, solicitando el regreso a clases presenciales.<\/p>\n\n\n\n<p>Rafael Meza Mu\u00f1oz, consejero alumno se\u00f1al\u00f3 que, hasta el momento no hay una fecha estipulada para el regreso a las aulas, y aunque se rumora en el mes de mayo podr\u00edan regresar a clases, consideran que es una fecha muy tard\u00eda.<\/p>\n\n\n\n<p>&#8220;Se espera que, con estas huelgas y reuniones que se hagan, se regrese a finales de este mes o principios de abril (\u2026) nos urge, porque claramente se ha bajado mucho el nivel acad\u00e9mico y el aprendizaje, a los docentes les cuesta mucho las clases en l\u00ednea, y en los ex\u00e1menes de egreso se ha demostrado que la facultad ha tenido una ca\u00edda en los resultados&#8221;, declar\u00f3.<\/p>\n\n\n\n<p>Rafael Meza dijo que, tras su protesta se logr\u00f3 concretar una reuni\u00f3n con la secretaria acad\u00e9mica regional, Claudia Beatriz Enr\u00edquez Hern\u00e1ndez, y el vicerector en la zona Veracruz Boca del R\u00edo, Rub\u00e9n Edel Navarro, para poder negociar un regreso a clases presenciales.<\/p>\n\n\n\n<p>Entre los manifestantes se encontraban j\u00f3venes de dos generaciones que no han visitado en una sola ocasi\u00f3n la Facultad de Psicolog\u00eda de la Universidad Veracruzana, ubicada en la calle 20 de noviembre, pues su ingreso se dio durante la pandemia.<\/p>\n\n\n\n<figure class=\"wp-block-image size-large\"><img loading=\"lazy\" decoding=\"async\" width=\"1024\" height=\"652\" src=\"https:\/\/encuentroinformativo.com.mx\/wp-content\/uploads\/2022\/03\/79DA0D4B-C754-4ADB-899A-89872B9D925A-1024x652.jpeg\" alt=\"\" class=\"wp-image-24338\" srcset=\"https:\/\/encuentroinformativo.com.mx\/wp-content\/uploads\/2022\/03\/79DA0D4B-C754-4ADB-899A-89872B9D925A-1024x652.jpeg 1024w, https:\/\/encuentroinformativo.com.mx\/wp-content\/uploads\/2022\/03\/79DA0D4B-C754-4ADB-899A-89872B9D925A-300x191.jpeg 300w, https:\/\/encuentroinformativo.com.mx\/wp-content\/uploads\/2022\/03\/79DA0D4B-C754-4ADB-899A-89872B9D925A-768x489.jpeg 768w, https:\/\/encuentroinformativo.com.mx\/wp-content\/uploads\/2022\/03\/79DA0D4B-C754-4ADB-899A-89872B9D925A.jpeg 1318w\" sizes=\"auto, (max-width: 1024px) 100vw, 1024px\" \/><\/figure>\n","protected":false},"excerpt":{"rendered":"<p>Alejandro \u00c1vila Boca del R\u00edo, Ver.- Alumnos de la Facultad de Psicolog\u00eda de la Universidad Veracruzana (UV) se manifestaron la ma\u00f1ana de este lunes en las instalaciones de la USBI, solicitando el regreso a clases presenciales. Rafael Meza Mu\u00f1oz, consejero alumno se\u00f1al\u00f3 que, hasta el momento no hay una fecha estipulada para el regreso a [&hellip;]<\/p>\n","protected":false},"author":1,"featured_media":24337,"comment_status":"open","ping_status":"open","sticky":false,"template":"","format":"standard","meta":{"_jetpack_memberships_contains_paid_content":false,"footnotes":""},"categories":[2],"tags":[],"class_list":["post-24336","post","type-post","status-publish","format-standard","has-post-thumbnail","hentry","category-estado"],"jetpack_featured_media_url":"https:\/\/encuentroinformativo.com.mx\/wp-content\/uploads\/2022\/03\/B4D85D27-05F4-425F-A1FB-8EE17819DD02.jpeg","jetpack_sharing_enabled":true,"jetpack_likes_enabled":true,"amp_enabled":true,"_links":{"self":[{"href":"https:\/\/encuentroinformativo.com.mx\/index.php?rest_route=\/wp\/v2\/posts\/24336","targetHints":{"allow":["GET"]}}],"collection":[{"href":"https:\/\/encuentroinformativo.com.mx\/index.php?rest_route=\/wp\/v2\/posts"}],"about":[{"href":"https:\/\/encuentroinformativo.com.mx\/index.php?rest_route=\/wp\/v2\/types\/post"}],"author":[{"embeddable":true,"href":"https:\/\/encuentroinformativo.com.mx\/index.php?rest_route=\/wp\/v2\/users\/1"}],"replies":[{"embeddable":true,"href":"https:\/\/encuentroinformativo.com.mx\/index.php?rest_route=%2Fwp%2Fv2%2Fcomments&post=24336"}],"version-history":[{"count":1,"href":"https:\/\/encuentroinformativo.com.mx\/index.php?rest_route=\/wp\/v2\/posts\/24336\/revisions"}],"predecessor-version":[{"id":24339,"href":"https:\/\/encuentroinformativo.com.mx\/index.php?rest_route=\/wp\/v2\/posts\/24336\/revisions\/24339"}],"wp:featuredmedia":[{"embeddable":true,"href":"https:\/\/encuentroinformativo.com.mx\/index.php?rest_route=\/wp\/v2\/media\/24337"}],"wp:attachment":[{"href":"https:\/\/encuentroinformativo.com.mx\/index.php?rest_route=%2Fwp%2Fv2%2Fmedia&parent=24336"}],"wp:term":[{"taxonomy":"category","embeddable":true,"href":"https:\/\/encuentroinformativo.com.mx\/index.php?rest_route=%2Fwp%2Fv2%2Fcategories&post=24336"},{"taxonomy":"post_tag","embeddable":true,"href":"https:\/\/encuentroinformativo.com.mx\/index.php?rest_route=%2Fwp%2Fv2%2Ftags&post=24336"}],"curies":[{"name":"wp","href":"https:\/\/api.w.org\/{rel}","templated":true}]}}