{"id":24343,"date":"2022-03-07T13:30:40","date_gmt":"2022-03-07T19:30:40","guid":{"rendered":"https:\/\/encuentroinformativo.com.mx\/?p=24343"},"modified":"2022-03-07T13:30:44","modified_gmt":"2022-03-07T19:30:44","slug":"normalistas-demandan-plazas-definitivas-en-la-sev","status":"publish","type":"post","link":"https:\/\/encuentroinformativo.com.mx\/?p=24343","title":{"rendered":"Normalistas demandan plazas definitivas en la SEV"},"content":{"rendered":"\n<p><strong>Juan Arcos<\/strong><\/p>\n\n\n\n<p>Xalapa, Ver.- Egresados de escuelas normalistas contin\u00faan realizando una serie de protestas afuera de las oficinas centrales de la Secretar\u00eda de Educaci\u00f3n de Veracruz (SEV) para exigir plazas definitivas.<\/p>\n\n\n\n<p>Los quejosos acudieron la ma\u00f1ana de este lunes 7 de marzo a la dependencia estatal, ubicada sobre la carretera Xalapa-Veracruz, para reclamar a las autoridades educativas que sean respetados sus derechos laborales.<\/p>\n\n\n\n<p>Sin proporcionar su nombre, recordaron que ya han acreditado las evaluaciones correspondientes; sin embargo, no han sido tomados en cuenta, pese a que diversas escuelas carecen de personal docente.<\/p>\n\n\n\n<p>Destacaron que ya fueron sometidos a evaluaciones por parte de la Unidad del Sistema para la Carrera de Maestros y Maestras (Usicamm).<\/p>\n\n\n\n<p>Consideraron que son cientos de profesores que se encuentran en la misma situaci\u00f3n, a la espera de un espacio de trabajo.<\/p>\n\n\n\n<p>\u201cSomos maestros evaluados por Usicamm. Plazas Definitivas\u201d y \u201cexigimos plazas definitivas no solamente interinatos\u201d, se le\u00eda en sus pancartas.<\/p>\n\n\n\n<p>Cabe destacar que los quejosos fueron atendidos por representantes del \u00c1rea de Recursos Humanos y de la Oficial\u00eda Mayor.<\/p>\n\n\n\n<p>Acordaron que estar\u00edan pendientes para ser llamados y recibir sus nombramientos, a finales de mayo pr\u00f3ximo, por lo que se retiraron de la SEV.<\/p>\n","protected":false},"excerpt":{"rendered":"<p>Juan Arcos Xalapa, Ver.- Egresados de escuelas normalistas contin\u00faan realizando una serie de protestas afuera de las oficinas centrales de la Secretar\u00eda de Educaci\u00f3n de Veracruz (SEV) para exigir plazas definitivas. Los quejosos acudieron la ma\u00f1ana de este lunes 7 de marzo a la dependencia estatal, ubicada sobre la carretera Xalapa-Veracruz, para reclamar a las [&hellip;]<\/p>\n","protected":false},"author":1,"featured_media":24344,"comment_status":"open","ping_status":"open","sticky":false,"template":"","format":"standard","meta":{"_jetpack_memberships_contains_paid_content":false,"footnotes":""},"categories":[3],"tags":[],"class_list":["post-24343","post","type-post","status-publish","format-standard","has-post-thumbnail","hentry","category-xalapa"],"jetpack_featured_media_url":"https:\/\/encuentroinformativo.com.mx\/wp-content\/uploads\/2022\/03\/812EA835-945C-495B-A843-A2A84E5E3167.jpeg","jetpack_sharing_enabled":true,"jetpack_likes_enabled":true,"amp_enabled":true,"_links":{"self":[{"href":"https:\/\/encuentroinformativo.com.mx\/index.php?rest_route=\/wp\/v2\/posts\/24343","targetHints":{"allow":["GET"]}}],"collection":[{"href":"https:\/\/encuentroinformativo.com.mx\/index.php?rest_route=\/wp\/v2\/posts"}],"about":[{"href":"https:\/\/encuentroinformativo.com.mx\/index.php?rest_route=\/wp\/v2\/types\/post"}],"author":[{"embeddable":true,"href":"https:\/\/encuentroinformativo.com.mx\/index.php?rest_route=\/wp\/v2\/users\/1"}],"replies":[{"embeddable":true,"href":"https:\/\/encuentroinformativo.com.mx\/index.php?rest_route=%2Fwp%2Fv2%2Fcomments&post=24343"}],"version-history":[{"count":1,"href":"https:\/\/encuentroinformativo.com.mx\/index.php?rest_route=\/wp\/v2\/posts\/24343\/revisions"}],"predecessor-version":[{"id":24345,"href":"https:\/\/encuentroinformativo.com.mx\/index.php?rest_route=\/wp\/v2\/posts\/24343\/revisions\/24345"}],"wp:featuredmedia":[{"embeddable":true,"href":"https:\/\/encuentroinformativo.com.mx\/index.php?rest_route=\/wp\/v2\/media\/24344"}],"wp:attachment":[{"href":"https:\/\/encuentroinformativo.com.mx\/index.php?rest_route=%2Fwp%2Fv2%2Fmedia&parent=24343"}],"wp:term":[{"taxonomy":"category","embeddable":true,"href":"https:\/\/encuentroinformativo.com.mx\/index.php?rest_route=%2Fwp%2Fv2%2Fcategories&post=24343"},{"taxonomy":"post_tag","embeddable":true,"href":"https:\/\/encuentroinformativo.com.mx\/index.php?rest_route=%2Fwp%2Fv2%2Ftags&post=24343"}],"curies":[{"name":"wp","href":"https:\/\/api.w.org\/{rel}","templated":true}]}}