{"id":2435,"date":"2020-05-10T14:36:59","date_gmt":"2020-05-10T19:36:59","guid":{"rendered":"https:\/\/encuentroinformativo.com\/?p=2435"},"modified":"2020-05-10T14:37:04","modified_gmt":"2020-05-10T19:37:04","slug":"nuestro-corazon-sangra-reclaman-madres-de-desaparecidos","status":"publish","type":"post","link":"https:\/\/encuentroinformativo.com.mx\/?p=2435","title":{"rendered":"\u201cNuestro coraz\u00f3n sangra\u201d, reclaman madres de desaparecidos"},"content":{"rendered":"\n<p><strong>Juan Arcos <\/strong><\/p>\n\n\n\n<p>Xalapa, Ver.- \u201cNuestro coraz\u00f3n de madre sangra porque nuestros hijos desaparecidos siguen sin aparecer\u201d, se lee en un gran marco donde las madres de desaparecidos colocaron fotograf\u00edas, lonas y pancartas, este 10 de mayo.<\/p>\n\n\n\n<p>Pocas mujeres participaron en el memorial, realizado en Plaza Sebasti\u00e1n Lerdo de Tejada, tambi\u00e9n conocida como Plaza Regina Mart\u00ednez.<\/p>\n\n\n\n<p>Una distancia de 1.5 metros, respetaban por la contingencia sanitaria del SARS-CoV-2 (coronavirus del s\u00edndrome respiratorio agudo grave), pandemia que ocasion\u00f3 la suspensi\u00f3n de la marcha que realizaban cada a\u00f1o, durante el D\u00eda de las Madres.<\/p>\n\n\n\n<p>Mar\u00eda Antonieta Mu\u00f1oz Roa, del Colectivo Buscando a Nuestros Desaparecidos y Desaparecidas Veracruz, sostiene con su mano izquierda una rosa blanca y la esquina de una lona con fotograf\u00edas de varias v\u00edctimas de desaparici\u00f3n.<\/p>\n\n\n\n<p>Ella busca a su hijo Guillermo Mu\u00f1oz Roa, quien desapareci\u00f3 el 16 de noviembre del 2011, junto con un sobrino del entonces procurador general de justicia del estado, Amadeo Flores Espinosa.<\/p>\n\n\n\n<p>La mujer es fuerte. Lleva casi nueve a\u00f1os de b\u00fasqueda y externa que no descansar\u00e1 hasta encontrarlo.<\/p>\n\n\n\n<p>A su juicio, las autoridades s\u00f3lo \u201csimulan\u201d que hacen algo para la localizaci\u00f3n de los desaparecidos.<\/p>\n\n\n\n<p>\u201cCada a\u00f1o hemos trabajado con las autoridades, con diferentes gobiernos y todos han dicho lo mismo: estamos trabajando. Pero para nosotros ha sido simulaci\u00f3n. No hemos encontrado a nuestros familiares\u201d.<\/p>\n\n\n\n<p>Recuerda que la mayor\u00eda de las madres han enfermado en el proceso de b\u00fasqueda.<\/p>\n\n\n\n<p>\u201cNuestros ojos, nuestra vista est\u00e1 cansada de tanto sufrimiento, de tantas l\u00e1grimas. Nuestra raz\u00f3n se nubla, pensamos con el coraz\u00f3n. Hoy que es 10 de Mayo nuestras entra\u00f1as lo que gritan es: \u00bfd\u00f3nde est\u00e1 mi hijo?\u201d, enfatiza.<\/p>\n\n\n\n<p><\/p>\n","protected":false},"excerpt":{"rendered":"<p>Juan Arcos Xalapa, Ver.- \u201cNuestro coraz\u00f3n de madre sangra porque nuestros hijos desaparecidos siguen sin aparecer\u201d, se lee en un gran marco donde las madres de desaparecidos colocaron fotograf\u00edas, lonas y pancartas, este 10 de mayo. Pocas mujeres participaron en el memorial, realizado en Plaza Sebasti\u00e1n Lerdo de Tejada, tambi\u00e9n conocida como Plaza Regina Mart\u00ednez. [&hellip;]<\/p>\n","protected":false},"author":1,"featured_media":2436,"comment_status":"open","ping_status":"open","sticky":false,"template":"","format":"standard","meta":{"_jetpack_memberships_contains_paid_content":false,"footnotes":""},"categories":[3],"tags":[],"class_list":["post-2435","post","type-post","status-publish","format-standard","has-post-thumbnail","hentry","category-xalapa"],"jetpack_featured_media_url":"https:\/\/encuentroinformativo.com.mx\/wp-content\/uploads\/2020\/05\/D3CD5271-BD36-4D94-900D-C28E480373E3.jpeg","jetpack_sharing_enabled":true,"jetpack_likes_enabled":true,"amp_enabled":true,"_links":{"self":[{"href":"https:\/\/encuentroinformativo.com.mx\/index.php?rest_route=\/wp\/v2\/posts\/2435","targetHints":{"allow":["GET"]}}],"collection":[{"href":"https:\/\/encuentroinformativo.com.mx\/index.php?rest_route=\/wp\/v2\/posts"}],"about":[{"href":"https:\/\/encuentroinformativo.com.mx\/index.php?rest_route=\/wp\/v2\/types\/post"}],"author":[{"embeddable":true,"href":"https:\/\/encuentroinformativo.com.mx\/index.php?rest_route=\/wp\/v2\/users\/1"}],"replies":[{"embeddable":true,"href":"https:\/\/encuentroinformativo.com.mx\/index.php?rest_route=%2Fwp%2Fv2%2Fcomments&post=2435"}],"version-history":[{"count":1,"href":"https:\/\/encuentroinformativo.com.mx\/index.php?rest_route=\/wp\/v2\/posts\/2435\/revisions"}],"predecessor-version":[{"id":2437,"href":"https:\/\/encuentroinformativo.com.mx\/index.php?rest_route=\/wp\/v2\/posts\/2435\/revisions\/2437"}],"wp:featuredmedia":[{"embeddable":true,"href":"https:\/\/encuentroinformativo.com.mx\/index.php?rest_route=\/wp\/v2\/media\/2436"}],"wp:attachment":[{"href":"https:\/\/encuentroinformativo.com.mx\/index.php?rest_route=%2Fwp%2Fv2%2Fmedia&parent=2435"}],"wp:term":[{"taxonomy":"category","embeddable":true,"href":"https:\/\/encuentroinformativo.com.mx\/index.php?rest_route=%2Fwp%2Fv2%2Fcategories&post=2435"},{"taxonomy":"post_tag","embeddable":true,"href":"https:\/\/encuentroinformativo.com.mx\/index.php?rest_route=%2Fwp%2Fv2%2Ftags&post=2435"}],"curies":[{"name":"wp","href":"https:\/\/api.w.org\/{rel}","templated":true}]}}