{"id":24356,"date":"2022-03-07T14:04:47","date_gmt":"2022-03-07T20:04:47","guid":{"rendered":"https:\/\/encuentroinformativo.com.mx\/?p=24356"},"modified":"2022-03-07T14:04:50","modified_gmt":"2022-03-07T20:04:50","slug":"vinculacion-con-ciudadania-xalapena-es-prioridad-alcalde","status":"publish","type":"post","link":"https:\/\/encuentroinformativo.com.mx\/?p=24356","title":{"rendered":"Vinculaci\u00f3n con ciudadan\u00eda xalape\u00f1a es prioridad:  Alcalde"},"content":{"rendered":"\n<p><strong>Dar\u00edo Pale<\/strong><\/p>\n\n\n\n<p>Xalapa, Ver.- El presidente municipal de Xalapa Ricardo Ahued Bardahuil dio a conocer que para la marcha que se realizar\u00e1 el d\u00eda de ma\u00f1ana por parte de los colectivos feministas se\u00f1al\u00f3 que no habr\u00e1 ning\u00fan tipo de operativo especial solo que se respeten y que se les deje expresar.<\/p>\n\n\n\n<p>En entrevista se\u00f1al\u00f3 que ese d\u00eda tan importante puedan transmitir su sentir y espera que lo hagan en paz y tranquilidad, pero la \u00fanica posici\u00f3n de ellos es escucharlas, apoyarlas, respetarlas y cuidarlas.<\/p>\n\n\n\n<p>En cuanto a los movimientos al interior del ayuntamiento se\u00f1al\u00f3 que es un tema de trabajo que iniciaron, &#8220;pero sabemos que la vinculaci\u00f3n con la ciudadan\u00eda xalape\u00f1a es m\u00e1s importante que cualquier cargo p\u00fablico, nosotros venimos por unos cuantos meses mi administraci\u00f3n es de 48 meses y todos sabemos que venimos de paso&#8221;.<\/p>\n\n\n\n<p>Por lo que es m\u00e1s importante la sociedad que un funcionario, la directora, el director o el alcalde, que vinculemos una sociedad comprometida con las acciones de su gente eso les queda claro en esta administraci\u00f3n.<\/p>\n\n\n\n<p>Coment\u00f3 que como cada cambio de administraci\u00f3n tiene que asumir los retos que tienen, recibieron muchos retos que tienen que atender que es obra p\u00fablica, alumbrado p\u00fablico, atender a la sociedad, hacer una reingenier\u00eda financiera total para hacer m\u00e1s obras.<\/p>\n\n\n\n<p>Tambi\u00e9n tienen compromisos laborables muy dif\u00edciles ya que est\u00e1n en el proceso de terminar el convenio con los sindicatos por derecho que les corresponde,  est\u00e1 cr\u00edtica la situaci\u00f3n financiera pero van a cumplir y a dar el frente a las obligaciones que tiene el ayuntamiento con todos los trabajadores siempre y cuando podamos ir reduciendo un gasto excesivo en el gasto operativo que es muy fuerte.<\/p>\n\n\n\n<p>Tienen una buena relaci\u00f3n con todos los secretarios generales de los sindicatos, est\u00e1n en la negociaci\u00f3n con el sindicato general que lleva a su cargo las negociaciones, el d\u00eda de ma\u00f1ana 8 de marzo tiene una reuni\u00f3n y esperan que ya culminen la pr\u00f3xima semana.<\/p>\n\n\n\n<p>Finalmente se\u00f1al\u00f3 que en este momento est\u00e1n recibiendo la documentaci\u00f3n para que se haga la licitaci\u00f3n de las despensas que est\u00e1n en el contrato colectivo, ya que pr\u00f3ximamente se har\u00e1 el subcomit\u00e9 para que se inscriban y se compre de forma transparente y puntualmente las despensas consagradas en el contrato colectivo.<\/p>\n","protected":false},"excerpt":{"rendered":"<p>Dar\u00edo Pale Xalapa, Ver.- El presidente municipal de Xalapa Ricardo Ahued Bardahuil dio a conocer que para la marcha que se realizar\u00e1 el d\u00eda de ma\u00f1ana por parte de los colectivos feministas se\u00f1al\u00f3 que no habr\u00e1 ning\u00fan tipo de operativo especial solo que se respeten y que se les deje expresar. En entrevista se\u00f1al\u00f3 que [&hellip;]<\/p>\n","protected":false},"author":1,"featured_media":24357,"comment_status":"open","ping_status":"open","sticky":false,"template":"","format":"standard","meta":{"_jetpack_memberships_contains_paid_content":false,"footnotes":""},"categories":[3],"tags":[],"class_list":["post-24356","post","type-post","status-publish","format-standard","has-post-thumbnail","hentry","category-xalapa"],"jetpack_featured_media_url":"https:\/\/encuentroinformativo.com.mx\/wp-content\/uploads\/2022\/03\/CC4CE219-CBDD-47D0-B3D5-05445CA1BB4D.jpeg","jetpack_sharing_enabled":true,"jetpack_likes_enabled":true,"amp_enabled":true,"_links":{"self":[{"href":"https:\/\/encuentroinformativo.com.mx\/index.php?rest_route=\/wp\/v2\/posts\/24356","targetHints":{"allow":["GET"]}}],"collection":[{"href":"https:\/\/encuentroinformativo.com.mx\/index.php?rest_route=\/wp\/v2\/posts"}],"about":[{"href":"https:\/\/encuentroinformativo.com.mx\/index.php?rest_route=\/wp\/v2\/types\/post"}],"author":[{"embeddable":true,"href":"https:\/\/encuentroinformativo.com.mx\/index.php?rest_route=\/wp\/v2\/users\/1"}],"replies":[{"embeddable":true,"href":"https:\/\/encuentroinformativo.com.mx\/index.php?rest_route=%2Fwp%2Fv2%2Fcomments&post=24356"}],"version-history":[{"count":1,"href":"https:\/\/encuentroinformativo.com.mx\/index.php?rest_route=\/wp\/v2\/posts\/24356\/revisions"}],"predecessor-version":[{"id":24358,"href":"https:\/\/encuentroinformativo.com.mx\/index.php?rest_route=\/wp\/v2\/posts\/24356\/revisions\/24358"}],"wp:featuredmedia":[{"embeddable":true,"href":"https:\/\/encuentroinformativo.com.mx\/index.php?rest_route=\/wp\/v2\/media\/24357"}],"wp:attachment":[{"href":"https:\/\/encuentroinformativo.com.mx\/index.php?rest_route=%2Fwp%2Fv2%2Fmedia&parent=24356"}],"wp:term":[{"taxonomy":"category","embeddable":true,"href":"https:\/\/encuentroinformativo.com.mx\/index.php?rest_route=%2Fwp%2Fv2%2Fcategories&post=24356"},{"taxonomy":"post_tag","embeddable":true,"href":"https:\/\/encuentroinformativo.com.mx\/index.php?rest_route=%2Fwp%2Fv2%2Ftags&post=24356"}],"curies":[{"name":"wp","href":"https:\/\/api.w.org\/{rel}","templated":true}]}}