{"id":24359,"date":"2022-03-07T14:29:36","date_gmt":"2022-03-07T20:29:36","guid":{"rendered":"https:\/\/encuentroinformativo.com.mx\/?p=24359"},"modified":"2022-03-07T14:29:39","modified_gmt":"2022-03-07T20:29:39","slug":"adeudan-varias-quincenas-a-docentes","status":"publish","type":"post","link":"https:\/\/encuentroinformativo.com.mx\/?p=24359","title":{"rendered":"Adeudan varias quincenas a docentes"},"content":{"rendered":"\n<p><strong>Juan Arcos <\/strong><\/p>\n\n\n\n<p>Xalapa, Ver.- M\u00e1s de 150 docentes de los distintos niveles educativos han laborado sin paga en el estado de Veracruz por presuntas \u201csituaciones administrativas\u201d.<\/p>\n\n\n\n<p>Los afectados ingresaron al servicio, a trav\u00e9s del Sistema de Evaluaci\u00f3n Docente 2020-2021. Hicieron un interinato y, a muchos, no les pagaron.<\/p>\n\n\n\n<p>Comentaron de manera an\u00f3nima que hicieron un interinato por cuatro a\u00f1os de abril a septiembre pasado, pero no recibieron su pago.<\/p>\n\n\n\n<p>\u201cPrimero hicimos un interinato por cuatro meses, que fue de abril a septiembre y no nos lo han pagado por situaciones administrativas, solamente nos dicen eso\u201d, recordaron.<\/p>\n\n\n\n<p>En septiembre pasado, les dieron la orden de presentaci\u00f3n oficial para laborar durante un periodo de seis meses. Los docentes trabajaron ese tiempo pero no les pagaron.<\/p>\n\n\n\n<p>\u201cLe han pagado a algunos de distintos niveles, de secundaria, telebachillerato, primaria y tambi\u00e9n han sido algunos a lo que no les han pasado\u201d, refirieron.<\/p>\n\n\n\n<p>Hay catedr\u00e1ticos que llevan cuatro, cinco, seis y hasta diez meses sin recibir su pago correspondiente. Han acudido a las oficinas centrales de la Secretar\u00eda de Educaci\u00f3n de Veracruz (SEV), pero no les resuelven el problema.<\/p>\n\n\n\n<p>\u201cHemos ido muchas veces y solamente nos dicen que se enviaron los folios para que revisen en M\u00e9xico y si ellos dan el s\u00ed, ya se libera el pago de Veracruz. Para esto, es cada quincena ir, mandar correos, llamar y no han resuelto nada, pero en este momento somos como 150 o m\u00e1s docentes que no nos ha pagado el Estado y hemos estado trabajando desde hace muchos meses\u201d, enfatizaron.<\/p>\n\n\n\n<p>La mayor\u00eda de quienes ingresaron al sistema estatal docente se encuentran lejos de su lugar natal y tienen que pagar la renta de un departamento, transporte y alimentos.<\/p>\n\n\n\n<p>\u201cEs parte de esto, estamos de acuerdo con ello; sin embargo, en lo que no estamos de acuerdo es en trabajar sin recibir un salario. No nos han dado una fecha exacta, no nos dicen para cu\u00e1ndo, solamente folios, folios y folios. No sabemos cu\u00e1l es la situaci\u00f3n exacta, porque no nos dan una raz\u00f3n\u201d, reclamaron.<\/p>\n","protected":false},"excerpt":{"rendered":"<p>Juan Arcos Xalapa, Ver.- M\u00e1s de 150 docentes de los distintos niveles educativos han laborado sin paga en el estado de Veracruz por presuntas \u201csituaciones administrativas\u201d. Los afectados ingresaron al servicio, a trav\u00e9s del Sistema de Evaluaci\u00f3n Docente 2020-2021. Hicieron un interinato y, a muchos, no les pagaron. Comentaron de manera an\u00f3nima que hicieron un [&hellip;]<\/p>\n","protected":false},"author":1,"featured_media":24360,"comment_status":"open","ping_status":"open","sticky":false,"template":"","format":"standard","meta":{"_jetpack_memberships_contains_paid_content":false,"footnotes":""},"categories":[2],"tags":[],"class_list":["post-24359","post","type-post","status-publish","format-standard","has-post-thumbnail","hentry","category-estado"],"jetpack_featured_media_url":"https:\/\/encuentroinformativo.com.mx\/wp-content\/uploads\/2022\/03\/A35475E6-A791-43D0-BC86-E5CC89B29BFE.jpeg","jetpack_sharing_enabled":true,"jetpack_likes_enabled":true,"amp_enabled":true,"_links":{"self":[{"href":"https:\/\/encuentroinformativo.com.mx\/index.php?rest_route=\/wp\/v2\/posts\/24359","targetHints":{"allow":["GET"]}}],"collection":[{"href":"https:\/\/encuentroinformativo.com.mx\/index.php?rest_route=\/wp\/v2\/posts"}],"about":[{"href":"https:\/\/encuentroinformativo.com.mx\/index.php?rest_route=\/wp\/v2\/types\/post"}],"author":[{"embeddable":true,"href":"https:\/\/encuentroinformativo.com.mx\/index.php?rest_route=\/wp\/v2\/users\/1"}],"replies":[{"embeddable":true,"href":"https:\/\/encuentroinformativo.com.mx\/index.php?rest_route=%2Fwp%2Fv2%2Fcomments&post=24359"}],"version-history":[{"count":1,"href":"https:\/\/encuentroinformativo.com.mx\/index.php?rest_route=\/wp\/v2\/posts\/24359\/revisions"}],"predecessor-version":[{"id":24361,"href":"https:\/\/encuentroinformativo.com.mx\/index.php?rest_route=\/wp\/v2\/posts\/24359\/revisions\/24361"}],"wp:featuredmedia":[{"embeddable":true,"href":"https:\/\/encuentroinformativo.com.mx\/index.php?rest_route=\/wp\/v2\/media\/24360"}],"wp:attachment":[{"href":"https:\/\/encuentroinformativo.com.mx\/index.php?rest_route=%2Fwp%2Fv2%2Fmedia&parent=24359"}],"wp:term":[{"taxonomy":"category","embeddable":true,"href":"https:\/\/encuentroinformativo.com.mx\/index.php?rest_route=%2Fwp%2Fv2%2Fcategories&post=24359"},{"taxonomy":"post_tag","embeddable":true,"href":"https:\/\/encuentroinformativo.com.mx\/index.php?rest_route=%2Fwp%2Fv2%2Ftags&post=24359"}],"curies":[{"name":"wp","href":"https:\/\/api.w.org\/{rel}","templated":true}]}}