{"id":24362,"date":"2022-03-07T14:37:58","date_gmt":"2022-03-07T20:37:58","guid":{"rendered":"https:\/\/encuentroinformativo.com.mx\/?p=24362"},"modified":"2022-03-07T14:38:02","modified_gmt":"2022-03-07T20:38:02","slug":"se-mantendran-desayunos-escolares-afirma-gobernador","status":"publish","type":"post","link":"https:\/\/encuentroinformativo.com.mx\/?p=24362","title":{"rendered":"Se mantendr\u00e1n desayunos escolares, afirma Gobernador"},"content":{"rendered":"\n<p><strong>Dar\u00edo Pale <\/strong><\/p>\n\n\n\n<p>Xalapa, Ver.- El gobernador del estado Cuitl\u00e1huac Garc\u00eda Jim\u00e9nez dio a conocer que no desaparecer\u00e1 el programa de Escuelas de Tiempo Completo en Veracruz, solo se cambiar\u00e1 esquema de financiamiento federal, por lo que los desayunos escolares se mantienen en el estado.<\/p>\n\n\n\n<p>En conferencia de prensa se\u00f1al\u00f3 que s\u00f3lo cambiar\u00e1 la estrategia con la que el gobierno federal destina recursos a las escuelas donde se implementa, lo que si se mantiene por parte del gobierno del estado son los desayunos escolares por parte del DIF estatal.<\/p>\n\n\n\n<p>Precis\u00f3 que ahora le tocar\u00e1 determinar la escuela de acuerdo a los nuevos lineamientos, &#8220;eso lo va a determinar la escuela de acuerdo a los nuevos lineamientos que se tengan. La forma de financiamiento cambia, porque lo que se ve\u00eda que el monto aprobado para ese programa era uno y lo que le llegaba a la escuela era otro, todo se quedaba en el camino, lo que se pretende es darle a la escuela y que la escuela decida que exactamente necesita&#8221;.<\/p>\n\n\n\n<p>En la \u00a0ma\u00f1anera de este lunes, el presidente Andr\u00e9s Manuel L\u00f3pez Obrador inform\u00f3 que los recursos se destinar\u00e1n a los padres de familia como un cambio de esquema de financiamiento, el mandatario estatal explic\u00f3 que se mantendr\u00e1 y se adecuar\u00e1 una vez que se definan los nuevos esquemas.<\/p>\n\n\n\n<p>En ese sentido, el gobernador Cuitl\u00e1huac Garc\u00eda Jim\u00e9nez, refiri\u00f3 que el \u00a0nuevo esquema consiste en que los recursos para que este programa con el cual los estudiantes permanecen hasta las 3 de la tarde en las aulas consistir\u00e1 en un financiamiento directo a las Asociaciones de Padre de Familia con el fin de que lleguen de manera completa, pues el recurso se \u201cquedaba en el camino&#8221;.<\/p>\n\n\n\n<p>En Veracruz, hay poco m\u00e1s de mil escuelas de tiempo completo, por lo que un n\u00famero significante de alumnos y alumnas se podr\u00edan quedar sin algunas horas de clases, pero adem\u00e1s sin los alimentos, pues en algunos casos era la \u00fanica comida que hac\u00edan al d\u00eda.<\/p>\n\n\n\n<p>Es de recordar que el programa de escuelas de tiempo completo ten\u00eda un horario extendido de las 8 de la ma\u00f1ana a las 3 de la tarde; ahora, con el anuncio de su desaparici\u00f3n, las y los estudiante \u00fanicamente asistir\u00e1n hasta las 12 del d\u00eda.<\/p>\n\n\n\n<p>Con ello, el recorte del programa implica dejar de pagar la compensaci\u00f3n que se daba a los maestros por la jornada adicional de 12 a 4 y media en la que impart\u00edan talleres. El dinero ahora ser\u00e1 destinado para un programa de Escuela Segura.<\/p>\n","protected":false},"excerpt":{"rendered":"<p>Dar\u00edo Pale Xalapa, Ver.- El gobernador del estado Cuitl\u00e1huac Garc\u00eda Jim\u00e9nez dio a conocer que no desaparecer\u00e1 el programa de Escuelas de Tiempo Completo en Veracruz, solo se cambiar\u00e1 esquema de financiamiento federal, por lo que los desayunos escolares se mantienen en el estado. En conferencia de prensa se\u00f1al\u00f3 que s\u00f3lo cambiar\u00e1 la estrategia con [&hellip;]<\/p>\n","protected":false},"author":1,"featured_media":24363,"comment_status":"open","ping_status":"open","sticky":false,"template":"","format":"standard","meta":{"_jetpack_memberships_contains_paid_content":false,"footnotes":""},"categories":[2],"tags":[],"class_list":["post-24362","post","type-post","status-publish","format-standard","has-post-thumbnail","hentry","category-estado"],"jetpack_featured_media_url":"https:\/\/encuentroinformativo.com.mx\/wp-content\/uploads\/2022\/03\/A093C537-7B5B-4FA5-A183-81162AA90872.jpeg","jetpack_sharing_enabled":true,"jetpack_likes_enabled":true,"amp_enabled":true,"_links":{"self":[{"href":"https:\/\/encuentroinformativo.com.mx\/index.php?rest_route=\/wp\/v2\/posts\/24362","targetHints":{"allow":["GET"]}}],"collection":[{"href":"https:\/\/encuentroinformativo.com.mx\/index.php?rest_route=\/wp\/v2\/posts"}],"about":[{"href":"https:\/\/encuentroinformativo.com.mx\/index.php?rest_route=\/wp\/v2\/types\/post"}],"author":[{"embeddable":true,"href":"https:\/\/encuentroinformativo.com.mx\/index.php?rest_route=\/wp\/v2\/users\/1"}],"replies":[{"embeddable":true,"href":"https:\/\/encuentroinformativo.com.mx\/index.php?rest_route=%2Fwp%2Fv2%2Fcomments&post=24362"}],"version-history":[{"count":1,"href":"https:\/\/encuentroinformativo.com.mx\/index.php?rest_route=\/wp\/v2\/posts\/24362\/revisions"}],"predecessor-version":[{"id":24364,"href":"https:\/\/encuentroinformativo.com.mx\/index.php?rest_route=\/wp\/v2\/posts\/24362\/revisions\/24364"}],"wp:featuredmedia":[{"embeddable":true,"href":"https:\/\/encuentroinformativo.com.mx\/index.php?rest_route=\/wp\/v2\/media\/24363"}],"wp:attachment":[{"href":"https:\/\/encuentroinformativo.com.mx\/index.php?rest_route=%2Fwp%2Fv2%2Fmedia&parent=24362"}],"wp:term":[{"taxonomy":"category","embeddable":true,"href":"https:\/\/encuentroinformativo.com.mx\/index.php?rest_route=%2Fwp%2Fv2%2Fcategories&post=24362"},{"taxonomy":"post_tag","embeddable":true,"href":"https:\/\/encuentroinformativo.com.mx\/index.php?rest_route=%2Fwp%2Fv2%2Ftags&post=24362"}],"curies":[{"name":"wp","href":"https:\/\/api.w.org\/{rel}","templated":true}]}}