{"id":24367,"date":"2022-03-07T15:47:29","date_gmt":"2022-03-07T21:47:29","guid":{"rendered":"https:\/\/encuentroinformativo.com.mx\/?p=24367"},"modified":"2022-03-07T15:47:33","modified_gmt":"2022-03-07T21:47:33","slug":"propone-congreso-acciones-para-impulsar-sector-artesanal-en-veracruz","status":"publish","type":"post","link":"https:\/\/encuentroinformativo.com.mx\/?p=24367","title":{"rendered":"Propone Congreso acciones para impulsar sector artesanal en Veracruz"},"content":{"rendered":"\n<p><strong>*La Comisi\u00f3n Permanente de Desarrollo Artesanal prev\u00e9 coadyuvar con autoridades en la materia para la integraci\u00f3n de un Padr\u00f3n \u00danico de Artesanos del Estado.<\/strong><\/p>\n\n\n\n<p>Xalapa, Ver.- La Comisi\u00f3n Permanente de Desarrollo Artesanal, integrada por el diputado Ram\u00f3n D\u00edaz \u00c1vila y por las legisladoras Ver\u00f3nica Pulido Herrera y Tania Mar\u00eda Cruz Mej\u00eda, presidente, secretaria y vocal, respectivamente, aprob\u00f3 su Programa Anual de Trabajo, el cual rige las acciones en la materia para el primer a\u00f1o de ejercicio constitucional de la LXVI Legislatura.<\/p>\n\n\n\n<p>Entre los objetivos de esta instancia legislativa, se\u00f1ala el documento, est\u00e1n impulsar a las y los comerciantes, a trav\u00e9s de estrategias de negocios; promover entre el sector nuevas habilidades que permitan mejorar los niveles de competitividad y oportunidades fortaleciendo su presencia estatal, nacional e internacional.<\/p>\n\n\n\n<p>Para tal fin, la Comisi\u00f3n se comprometi\u00f3 a realizar las gestiones y vinculaciones necesarias para dar soluci\u00f3n a las demandas y necesidades de las y los artesanos, as\u00ed como a establecer alianzas empresariales que abran oportunidades a nuevos mercados, promover talleres de capacitaci\u00f3n y conferencias que brinden herramientas t\u00e9cnicas novedosas y participar con propuestas de trabajo en las reuniones del Subcomit\u00e9 Veracruzano de Promoci\u00f3n Artesanal.<\/p>\n\n\n\n<p>Asimismo, se prev\u00e9 un trabajo coordinado con las autoridades municipales para la implementaci\u00f3n del Programa Itinerante Permanente de Promoci\u00f3n Artesanal, para lo cual se har\u00e1 un llamado a los ayuntamientos para que conformen debidamente sus Subcomit\u00e9s Municipales de Desarrollo Artesanal, a fin de apoyar e incentivar a las y los artesanos locales.<\/p>\n\n\n\n<p>La Comisi\u00f3n anunci\u00f3 que coadyuvar\u00e1 con las autoridades estatales en la materia para la integraci\u00f3n de un Padr\u00f3n \u00danico de Artesanos estatal, el cual permitir\u00e1 reconocer el alcance del sector en la entidad para su impulso y promoci\u00f3n.<\/p>\n\n\n\n<p>Finalmente, el diputado Ram\u00f3n D\u00edaz \u00c1vila destac\u00f3 el papel de las mujeres ind\u00edgenas en el desarrollo de las actividades artesanales, toda vez que contin\u00faan practicando el arte textil brindando a sus familias una importante fuente de ingresos econ\u00f3micos. \u201cSon excepcionales trabajos \u00fanicos elaborados por diversos grupos \u00e9tnicos como lo son n\u00e1huatl, tepehua, totonaca, popoluca, mazateco, mixe, tzotzil, zoque, teenek, huasteco, otom\u00ede, chinanteco y zapoteco\u201d, concluy\u00f3.<\/p>\n","protected":false},"excerpt":{"rendered":"<p>*La Comisi\u00f3n Permanente de Desarrollo Artesanal prev\u00e9 coadyuvar con autoridades en la materia para la integraci\u00f3n de un Padr\u00f3n \u00danico de Artesanos del Estado. Xalapa, Ver.- La Comisi\u00f3n Permanente de Desarrollo Artesanal, integrada por el diputado Ram\u00f3n D\u00edaz \u00c1vila y por las legisladoras Ver\u00f3nica Pulido Herrera y Tania Mar\u00eda Cruz Mej\u00eda, presidente, secretaria y vocal, [&hellip;]<\/p>\n","protected":false},"author":1,"featured_media":24368,"comment_status":"open","ping_status":"open","sticky":false,"template":"","format":"standard","meta":{"_jetpack_memberships_contains_paid_content":false,"footnotes":""},"categories":[2],"tags":[],"class_list":["post-24367","post","type-post","status-publish","format-standard","has-post-thumbnail","hentry","category-estado"],"jetpack_featured_media_url":"https:\/\/encuentroinformativo.com.mx\/wp-content\/uploads\/2022\/03\/1E8A6B31-9516-44B0-9D2F-85E03E776B28-scaled.jpeg","jetpack_sharing_enabled":true,"jetpack_likes_enabled":true,"amp_enabled":true,"_links":{"self":[{"href":"https:\/\/encuentroinformativo.com.mx\/index.php?rest_route=\/wp\/v2\/posts\/24367","targetHints":{"allow":["GET"]}}],"collection":[{"href":"https:\/\/encuentroinformativo.com.mx\/index.php?rest_route=\/wp\/v2\/posts"}],"about":[{"href":"https:\/\/encuentroinformativo.com.mx\/index.php?rest_route=\/wp\/v2\/types\/post"}],"author":[{"embeddable":true,"href":"https:\/\/encuentroinformativo.com.mx\/index.php?rest_route=\/wp\/v2\/users\/1"}],"replies":[{"embeddable":true,"href":"https:\/\/encuentroinformativo.com.mx\/index.php?rest_route=%2Fwp%2Fv2%2Fcomments&post=24367"}],"version-history":[{"count":1,"href":"https:\/\/encuentroinformativo.com.mx\/index.php?rest_route=\/wp\/v2\/posts\/24367\/revisions"}],"predecessor-version":[{"id":24369,"href":"https:\/\/encuentroinformativo.com.mx\/index.php?rest_route=\/wp\/v2\/posts\/24367\/revisions\/24369"}],"wp:featuredmedia":[{"embeddable":true,"href":"https:\/\/encuentroinformativo.com.mx\/index.php?rest_route=\/wp\/v2\/media\/24368"}],"wp:attachment":[{"href":"https:\/\/encuentroinformativo.com.mx\/index.php?rest_route=%2Fwp%2Fv2%2Fmedia&parent=24367"}],"wp:term":[{"taxonomy":"category","embeddable":true,"href":"https:\/\/encuentroinformativo.com.mx\/index.php?rest_route=%2Fwp%2Fv2%2Fcategories&post=24367"},{"taxonomy":"post_tag","embeddable":true,"href":"https:\/\/encuentroinformativo.com.mx\/index.php?rest_route=%2Fwp%2Fv2%2Ftags&post=24367"}],"curies":[{"name":"wp","href":"https:\/\/api.w.org\/{rel}","templated":true}]}}