{"id":24378,"date":"2022-03-07T16:06:08","date_gmt":"2022-03-07T22:06:08","guid":{"rendered":"https:\/\/encuentroinformativo.com.mx\/?p=24378"},"modified":"2022-03-07T16:06:12","modified_gmt":"2022-03-07T22:06:12","slug":"exhorta-ayuntamiento-a-mantener-medidas-preventivas-ante-covid-19-2","status":"publish","type":"post","link":"https:\/\/encuentroinformativo.com.mx\/?p=24378","title":{"rendered":"Exhorta Ayuntamiento a mantener medidas preventivas ante Covid-19"},"content":{"rendered":"\n<p>Xalapa, Ver.- Evitar la organizaci\u00f3n de eventos multitudinarios, vigilar aforos permitidos y no desatender las medidas sanitarias ampliamente difundidas para prevenir contagios del Coronavirus SARS-CoV-2, son algunas de las recomendaciones que se deben mantener para continuar avanzando en el sem\u00e1foro regional de riesgo epidemiol\u00f3gico.<\/p>\n\n\n\n<p>El presidente municipal Ricardo Ahued Bardahuil inform\u00f3 que si bien la capital se ubica actualmente en color naranja, este retroceso moment\u00e1neo responde a la acumulaci\u00f3n de casos generada por la concentraci\u00f3n de instalaciones hospitalarias que atienden a personas de toda la regi\u00f3n y no solo del municipio.<\/p>\n\n\n\n<p>Manifest\u00f3 que el trabajo coordinado con el Estado y la Federaci\u00f3n, a trav\u00e9s los Servicios de Salud de Veracruz (Sesver), no se ha detenido y, a ra\u00edz de ello, se cuenta con las medidas preventivas actualizadas de acuerdo con la situaci\u00f3n que se enfrenta cada semana.<\/p>\n\n\n\n<p>\u201cComo Ayuntamiento procuramos eventos con poca concurrencia. Ya empezaron los eventos escolares, quiere decir que hay buena expectativa\u201d, concluy\u00f3.<\/p>\n","protected":false},"excerpt":{"rendered":"<p>Xalapa, Ver.- Evitar la organizaci\u00f3n de eventos multitudinarios, vigilar aforos permitidos y no desatender las medidas sanitarias ampliamente difundidas para prevenir contagios del Coronavirus SARS-CoV-2, son algunas de las recomendaciones que se deben mantener para continuar avanzando en el sem\u00e1foro regional de riesgo epidemiol\u00f3gico. El presidente municipal Ricardo Ahued Bardahuil inform\u00f3 que si bien la [&hellip;]<\/p>\n","protected":false},"author":1,"featured_media":24379,"comment_status":"open","ping_status":"open","sticky":false,"template":"","format":"standard","meta":{"_jetpack_memberships_contains_paid_content":false,"footnotes":""},"categories":[9],"tags":[],"class_list":["post-24378","post","type-post","status-publish","format-standard","has-post-thumbnail","hentry","category-salud"],"jetpack_featured_media_url":"https:\/\/encuentroinformativo.com.mx\/wp-content\/uploads\/2022\/03\/61B025F2-DAC5-4FA8-BEC1-07CD89F74AE6.jpeg","jetpack_sharing_enabled":true,"jetpack_likes_enabled":true,"amp_enabled":true,"_links":{"self":[{"href":"https:\/\/encuentroinformativo.com.mx\/index.php?rest_route=\/wp\/v2\/posts\/24378","targetHints":{"allow":["GET"]}}],"collection":[{"href":"https:\/\/encuentroinformativo.com.mx\/index.php?rest_route=\/wp\/v2\/posts"}],"about":[{"href":"https:\/\/encuentroinformativo.com.mx\/index.php?rest_route=\/wp\/v2\/types\/post"}],"author":[{"embeddable":true,"href":"https:\/\/encuentroinformativo.com.mx\/index.php?rest_route=\/wp\/v2\/users\/1"}],"replies":[{"embeddable":true,"href":"https:\/\/encuentroinformativo.com.mx\/index.php?rest_route=%2Fwp%2Fv2%2Fcomments&post=24378"}],"version-history":[{"count":1,"href":"https:\/\/encuentroinformativo.com.mx\/index.php?rest_route=\/wp\/v2\/posts\/24378\/revisions"}],"predecessor-version":[{"id":24380,"href":"https:\/\/encuentroinformativo.com.mx\/index.php?rest_route=\/wp\/v2\/posts\/24378\/revisions\/24380"}],"wp:featuredmedia":[{"embeddable":true,"href":"https:\/\/encuentroinformativo.com.mx\/index.php?rest_route=\/wp\/v2\/media\/24379"}],"wp:attachment":[{"href":"https:\/\/encuentroinformativo.com.mx\/index.php?rest_route=%2Fwp%2Fv2%2Fmedia&parent=24378"}],"wp:term":[{"taxonomy":"category","embeddable":true,"href":"https:\/\/encuentroinformativo.com.mx\/index.php?rest_route=%2Fwp%2Fv2%2Fcategories&post=24378"},{"taxonomy":"post_tag","embeddable":true,"href":"https:\/\/encuentroinformativo.com.mx\/index.php?rest_route=%2Fwp%2Fv2%2Ftags&post=24378"}],"curies":[{"name":"wp","href":"https:\/\/api.w.org\/{rel}","templated":true}]}}