{"id":24385,"date":"2022-03-08T09:12:50","date_gmt":"2022-03-08T15:12:50","guid":{"rendered":"https:\/\/encuentroinformativo.com.mx\/?p=24385"},"modified":"2022-03-08T09:12:53","modified_gmt":"2022-03-08T15:12:53","slug":"en-boca-del-rio-las-mujeres-tienen-un-gobierno-que-las-reconoce-alcalde-unanue","status":"publish","type":"post","link":"https:\/\/encuentroinformativo.com.mx\/?p=24385","title":{"rendered":"\u201cEn Boca del R\u00edo las mujeres tienen un gobierno que las reconoce\u201d : Alcalde Un\u00e1nue"},"content":{"rendered":"\n<p><strong>*Por el D\u00eda Internacional de la Mujer, ilumina de morado el edificio del Palacio Municipal<\/strong><\/p>\n\n\n\n<p>Boca del R\u00edo, Ver..<em>&#8211;<\/em> \u201cEn Boca del R\u00edo las mujeres tienen un gobierno que las reconoce y acompa\u00f1a en su lucha por la igualdad\u201d, fue el mensaje, claro y fuerte, del alcalde Juan Manuel Un\u00e1nue Abascal, durante la iluminaci\u00f3n en color morado del Palacio Municipal en el marco del D\u00eda Internacional de la Mujer.<\/p>\n\n\n\n<p>Durante la ceremonia, destac\u00f3 que, el que hoy le acompa\u00f1aran todas y cada una de las mujeres de su administraci\u00f3n, dice mucho del motivo por el cual ilumin\u00f3 de color morado el edificio sede del Gobierno Municipal.<\/p>\n\n\n\n<p>\u201cQue dentro del cabildo me acompa\u00f1en grandes mujeres como Susana, Adriana, Silvia, Ricarda, Nati, Ana Cristina y Beatriz, dice mucho del valor que suman cada una de ustedes a esta administraci\u00f3n municipal&#8221;.<\/p>\n\n\n\n<p>Un\u00e1nue les reconoci\u00f3 su trabajo, talento y entrega para la construcci\u00f3n de esta ciudad, que sue\u00f1a m\u00e1s igualitaria, m\u00e1s segura y m\u00e1s justa para las mujeres y ni\u00f1as.<\/p>\n\n\n\n<p>\u201cCuando digo que sue\u00f1o con una ciudad as\u00ed, es porque imagino un Boca del R\u00edo donde el desarrollo que hemos construido juntos sea una herramienta transformadora para garantizar m\u00e1s y mejores accesos a las mujeres a una vida plena y libre de violencia\u201d, afirm\u00f3.<\/p>\n\n\n\n<p>Asimismo, manifest\u00f3 que por eso cobra significado este acto, en el marco del D\u00eda Internacional de la Mujer, para hacer visible la contribuci\u00f3n de las mujeres en la vida de Boca del R\u00edo, Veracruz, M\u00e9xico y el mundo.<\/p>\n\n\n\n<p>Y subray\u00f3 que son las mujeres quienes han construido con su empe\u00f1o y fortaleza una sociedad mejor; que siguen cambiando para derribar todas las barreras que impiden el pleno desarrollo de mujeres y ni\u00f1as.<\/p>\n\n\n\n<p>Sobre el color morado que viste la lucha de las mujeres por la igualdad y que hoy pinta el recinto oficial del cabildo boque\u00f1o, dijo que se conocen muchas versiones, pero lo cierto es que acompa\u00f1a las demandas m\u00e1s justas: \u201cEs el color que nos llama a seguir aportando un peque\u00f1o granito de arena para garantizar que en Boca del R\u00edo ninguna mujer o ni\u00f1a sufra discriminaci\u00f3n o violencia\u201d.<\/p>\n\n\n\n<p>El Alcalde recalc\u00f3 que hoy Boca del R\u00edo es uno de los primeros municipios veracruzanos que ilumina de morado su edificio, porque tiene claro su compromiso por la igualdad de derechos y oportunidades para las boque\u00f1as, quienes indudablemente son responsables de que se viva en la mejor ciudad de Veracruz.<\/p>\n","protected":false},"excerpt":{"rendered":"<p>*Por el D\u00eda Internacional de la Mujer, ilumina de morado el edificio del Palacio Municipal Boca del R\u00edo, Ver..&#8211; \u201cEn Boca del R\u00edo las mujeres tienen un gobierno que las reconoce y acompa\u00f1a en su lucha por la igualdad\u201d, fue el mensaje, claro y fuerte, del alcalde Juan Manuel Un\u00e1nue Abascal, durante la iluminaci\u00f3n en [&hellip;]<\/p>\n","protected":false},"author":1,"featured_media":24386,"comment_status":"open","ping_status":"open","sticky":false,"template":"","format":"standard","meta":{"_jetpack_memberships_contains_paid_content":false,"footnotes":""},"categories":[2],"tags":[],"class_list":["post-24385","post","type-post","status-publish","format-standard","has-post-thumbnail","hentry","category-estado"],"jetpack_featured_media_url":"https:\/\/encuentroinformativo.com.mx\/wp-content\/uploads\/2022\/03\/D664C23F-27BB-447C-B0FC-6E913D252A37.jpeg","jetpack_sharing_enabled":true,"jetpack_likes_enabled":true,"amp_enabled":true,"_links":{"self":[{"href":"https:\/\/encuentroinformativo.com.mx\/index.php?rest_route=\/wp\/v2\/posts\/24385","targetHints":{"allow":["GET"]}}],"collection":[{"href":"https:\/\/encuentroinformativo.com.mx\/index.php?rest_route=\/wp\/v2\/posts"}],"about":[{"href":"https:\/\/encuentroinformativo.com.mx\/index.php?rest_route=\/wp\/v2\/types\/post"}],"author":[{"embeddable":true,"href":"https:\/\/encuentroinformativo.com.mx\/index.php?rest_route=\/wp\/v2\/users\/1"}],"replies":[{"embeddable":true,"href":"https:\/\/encuentroinformativo.com.mx\/index.php?rest_route=%2Fwp%2Fv2%2Fcomments&post=24385"}],"version-history":[{"count":1,"href":"https:\/\/encuentroinformativo.com.mx\/index.php?rest_route=\/wp\/v2\/posts\/24385\/revisions"}],"predecessor-version":[{"id":24387,"href":"https:\/\/encuentroinformativo.com.mx\/index.php?rest_route=\/wp\/v2\/posts\/24385\/revisions\/24387"}],"wp:featuredmedia":[{"embeddable":true,"href":"https:\/\/encuentroinformativo.com.mx\/index.php?rest_route=\/wp\/v2\/media\/24386"}],"wp:attachment":[{"href":"https:\/\/encuentroinformativo.com.mx\/index.php?rest_route=%2Fwp%2Fv2%2Fmedia&parent=24385"}],"wp:term":[{"taxonomy":"category","embeddable":true,"href":"https:\/\/encuentroinformativo.com.mx\/index.php?rest_route=%2Fwp%2Fv2%2Fcategories&post=24385"},{"taxonomy":"post_tag","embeddable":true,"href":"https:\/\/encuentroinformativo.com.mx\/index.php?rest_route=%2Fwp%2Fv2%2Ftags&post=24385"}],"curies":[{"name":"wp","href":"https:\/\/api.w.org\/{rel}","templated":true}]}}