{"id":24388,"date":"2022-03-08T09:15:56","date_gmt":"2022-03-08T15:15:56","guid":{"rendered":"https:\/\/encuentroinformativo.com.mx\/?p=24388"},"modified":"2022-03-08T09:16:00","modified_gmt":"2022-03-08T15:16:00","slug":"otatitepec-o-coatetitlan","status":"publish","type":"post","link":"https:\/\/encuentroinformativo.com.mx\/?p=24388","title":{"rendered":"\u00bfOTATITEPEC O COATETITL\u00c1N?"},"content":{"rendered":"\n<p><strong>ColumnaSinNombre<br>@pablojair<\/strong><\/p>\n\n\n\n<ul class=\"wp-block-list\"><li>Los desaparecidos.<\/li><li>Tres meses sin cobrar, los bomberos.<\/li><li>Pos anularon elecci\u00f3n del PAN, pero\u2026<\/li><\/ul>\n\n\n\n<p>Que mal se ven usando una tragedia<br>pambolera nacional para agendas pol\u00edticas.<br>Neta, se le memen.<br>\u2014Chopenjawer<\/p>\n\n\n\n<p>Este fin de semana hubo un evento cultural en Coatepec\u2026 o algo as\u00ed.<\/p>\n\n\n\n<p>Un maestro de periodismo dec\u00eda que era muy com\u00fan confundir cultura con folklore, pues mientras el primero &#8211;seg\u00fan el tumbaburros de espa\u00f1ol&#8211; es el &#8220;conjunto de modos de vida y costumbres, conocimientos y grado de desarrollo art\u00edstico, cient\u00edfico, industrial, en una \u00e9poca, grupo social, etc&#8221;, el otro est\u00e1 m\u00e1s abocado a &#8220;conjunto de costumbres, creencias, artesan\u00edas, canciones, y otras cosas semejantes de car\u00e1cter tradicional y popular&#8221;.<\/p>\n\n\n\n<p>O sea, el primero es m\u00e1s amplio que el segundo, as\u00ed que el evento llamado cultural, pues era m\u00e1s de tipo folcl\u00f3rico, que a su vez se incluye en la cultura.<\/p>\n\n\n\n<p>S\u00ed, algo as\u00ed.<\/p>\n\n\n\n<p>El asunto es que &#8211;en pleno sem\u00e1foro rojo municipal de contagios por Covid&#8211; decidieron que era buena idea traer ballets municipales de esos que destacan mucho el folklore: bailes con m\u00fasica tradicional, son jarocho, mariachi, danz\u00f3n, etc. La chaviza andaba feliz tom\u00e1ndose la foto con los trajes t\u00edpicos.<\/p>\n\n\n\n<p>Como cereza del pastel, trajeron grupos de esos populares que jalan harta raza, como Los Caracoles y sus \u00e9xitos como \u201cLa traigo bien parada\u201d.<\/p>\n\n\n\n<p>Hasta donde se sabe, hubo saldo blanco, lo que es buena noticia\u2026 \u00bfCu\u00e1nto cobraron o se gast\u00f3? Qui\u00e9n sabe\u2026 \u00bfQui\u00e9n lo pag\u00f3? Al parecer fue una cooperacha entre varios pol\u00edticos que tuvieron que entrarle para no quedar mal con la gente del Palacio.<\/p>\n\n\n\n<p>Todo el huateque se hizo en el centro de Coatepec, que estuvo a reventar de gente. Se cerr\u00f3 el primer cuadro a los veh\u00edculos, complicando el ya de por s\u00ed ca\u00f3tico tr\u00e1fico al ser el paso obligado para llegar a otros municipios.<\/p>\n\n\n\n<p>Tampoco es novedoso lo anterior: en las calles del centro se hac\u00eda la famosa Feria del Caf\u00e9, pero desde hace unos a\u00f1os decidieron llevarlo al recinto ubicado en la periferia porque la gente usaba de ba\u00f1o las calles. Era un gran miadero.<\/p>\n\n\n\n<p>No me mal entienda, no digo que los festejos estuvieron mal. A alguien se le ocurri\u00f3 hacerlo y no era mala idea: luego de los momentos m\u00e1s \u00e1lgidos de la pandemia, es necesario un evento que reactive la econom\u00eda que se vio afectada por poco m\u00e1s de un a\u00f1o, con baja clientela. De hecho, Coatepec ten\u00eda rato sin un evento fuerte, salvo el de la pista de hielo, que tuvo algo de \u00e9xito en diciembre, pero la cuesta de enero y febrero, es la que m\u00e1s pesa.<\/p>\n\n\n\n<p>Es curioso, pero las presentaciones del reciente evento parec\u00edan m\u00e1s como de pueblo de la Cuenca o algo as\u00ed. Rara vez, por ejemplo, se ven en Coatepec presentaciones de folclor oaxaque\u00f1o, que s\u00ed est\u00e1 muy unido e identificado con la zona sur de Veracruz, pero poco en la regi\u00f3n de la capital.<\/p>\n\n\n\n<p>O sea, para m\u00e1s se\u00f1ales, Coatepec parec\u00eda algo as\u00ed como Otatitl\u00e1n, que &#8211;debe decirse&#8211; la \u00faltima que se visit\u00f3 se vio que le metieron harta lana para adornar bonito el pueblo, ponerle murales, hacer museo, grafitis de esos chidos, remodelar la plaza principal, etc. Hasta donde me qued\u00e9, les falta un buen restaurante a orilla del r\u00edo y un buen hotel, pero seguramente alg\u00fan d\u00eda lo tendr\u00e1n.<\/p>\n\n\n\n<p>Y tampoco hay que ser genios para saber qui\u00e9n estuvo detr\u00e1s de todo en Coatepec, pues el evento tuvo todo el sello del secre de Gobierno, Eric Cisneros &#8211;el otro hijo pr\u00f3digo de la Cuenca&#8211; quien tiene su residencia en el pueblo cafetalero.<\/p>\n\n\n\n<p>De hecho, dicen que el secre de Gobierno brill\u00f3 tanto que al alcalde no le qued\u00f3 de otra m\u00e1s que posar para la foto y obedecer sin chistar; seg\u00fan cuentan en el Ayuntamiento, al alcalde Raymundo Andrade se le vio desplazado completamente, como si no existiera.<\/p>\n\n\n\n<p>Cosas de la pol\u00edtica: hace apenas una semana ya tra\u00eda conflictos por querer poner a funcionarios municipales que no eran bien vistos ni tra\u00edan aprobaci\u00f3n en Palacio de Gobierno; finalmente el edil tuvo qu\u00e9 ceder y tragar sapos porque ya entendi\u00f3 cu\u00e1l es su papel y qui\u00e9n realmente manda en Coatepec.<\/p>\n\n\n\n<p>\u00a1Sonr\u00eda pa\u2019 la foto, presidente! \u00a1Cliq, cliq!<\/p>\n\n\n\n<p><strong>NOTA PARA PEGAR EN EL REFRI: <\/strong>En una pl\u00e1tica con un exjefe policiaco de la vieja guardia (ya fallecido) me comentaba que uno de los grandes problemas que iba a tener el entonces gobernador Javier Duarte eran los desaparecidos; que ten\u00eda conocimiento de que la Polic\u00eda Estatal estaba desapareciendo personas detenidas en operativos\u2026 Narraba que el asunto era por los comandos especiales dentro de la Secretar\u00eda de Seguridad P\u00fablica que estaban supuestamente exterminando malandros, lo que se podr\u00eda decir que no era algo nuevo, pues desde hace mucho hab\u00eda sicarios o gatilleros con &#8220;charola&#8221; que se usaban para hacer &#8220;chambas especiales&#8221;\u2026 &#8220;Se hac\u00eda, pero los cuerpos aparec\u00edan; al menos les dejaban eso a las familias: que pudieran enterrar a sus muertos&#8221;\u2026 El tiempo le dio la raz\u00f3n al ya fallecido jefe, pues es precisamente el delito de desaparici\u00f3n forzada uno de los se\u00f1alamientos m\u00e1s graves (nivel lesa humanidad) por lo que se tiene contra las cuerdas al exmandatario estatal, mientras su exsecre de Seguridad P\u00fablica anda haci\u00e9ndole al &#8220;Baywatch&#8221; de petatiux\u2026<\/p>\n\n\n\n<p><strong>OTRA NOTA: <\/strong>Que los Bomberos de Coatepec ya tienen tres meses sin cobrar y ning\u00fan municipio de los 11 que atienden se ha acercado para decir \u201caqu\u00ed cooperamos, aqu\u00ed ayudamos\u201d\u2026 No obstante, han estado respondiendo a varios llamados de emergencia en los \u00faltimos d\u00edas (lo documentan en una p\u00e1gina de Feisbuc) y siguen con la esperanza de que sean escuchados para que se apoye a los 10 bomberos que siguen ah\u00ed al pie del ca\u00f1\u00f3n.<\/p>\n\n\n\n<p><strong>LA \u00daLTIMA PORQUE UN AMIGO SE VA: <\/strong>Si bien la determinaci\u00f3n de la Sala Regional Xalapa del Tribunal Electoral del Poder Judicial de la Federaci\u00f3n (TEPJF) anula la dirigencia estatal del PAN y favorece al grupo del senador Julen Rementer\u00eda y Joaqu\u00edn Guzm\u00e1n Avil\u00e9s (quien impugn\u00f3 dicha elecci\u00f3n), esto quiz\u00e1s s\u00f3lo retrase un poco los planes del grupo encabezado por el exgobernador Miguel \u00c1ngel Yunes Linares y sus bodoques, pues \u00e9stos saben que muy probablemente la resoluci\u00f3n de la Sala Superior &#8211;la siguiente instancia&#8211; sea ratificando lo que ya ha pasado por la Sala Regional y el Tribunal Electoral de Veracruz\u2026 No obstante, lo que realmente deber\u00edan preguntarse sus adversarios si podr\u00e1n otra vez arrebatarle a los del Conchal la dirigencia estatal y ganarles los nuevos comicios internos, pues lo \u00fanico que les hab\u00eda ayudado a la impugnaci\u00f3n fue la detenci\u00f3n de Tito Delf\u00edn &#8211;el contrincante de Guzm\u00e1n Avil\u00e9s a presidir el Comit\u00e9 Estatal del PAN&#8211; pues su arresto fue el argumento principal con el que anularon las elecciones porque la convocatoria no contemplaba reemplazo de aspirantes\u2026 Por cierto \u00bfy las protestas a favor de Tito? \u00bfSer\u00e1 cierto que por en\u00e9sima vez dejaron abandonado a uno de los aliados yunistas? Y es que tambi\u00e9n dicen que a Rogelio Franco de plano ya ni le van a dejar revistas ni cigarros sus &#8220;amigos&#8221; pol\u00edticos al penal.<\/p>\n","protected":false},"excerpt":{"rendered":"<p>ColumnaSinNombre@pablojair Los desaparecidos. Tres meses sin cobrar, los bomberos. Pos anularon elecci\u00f3n del PAN, pero\u2026 Que mal se ven usando una tragediapambolera nacional para agendas pol\u00edticas.Neta, se le memen.\u2014Chopenjawer Este fin de semana hubo un evento cultural en Coatepec\u2026 o algo as\u00ed. Un maestro de periodismo dec\u00eda que era muy com\u00fan confundir cultura con folklore, [&hellip;]<\/p>\n","protected":false},"author":1,"featured_media":488,"comment_status":"open","ping_status":"open","sticky":false,"template":"","format":"standard","meta":{"_jetpack_memberships_contains_paid_content":false,"footnotes":""},"categories":[11],"tags":[],"class_list":["post-24388","post","type-post","status-publish","format-standard","has-post-thumbnail","hentry","category-opinion"],"jetpack_featured_media_url":"https:\/\/encuentroinformativo.com.mx\/wp-content\/uploads\/2020\/03\/F471F608-BA1A-416B-BA7B-BCFB24F4E6D0.jpeg","jetpack_sharing_enabled":true,"jetpack_likes_enabled":true,"amp_enabled":true,"_links":{"self":[{"href":"https:\/\/encuentroinformativo.com.mx\/index.php?rest_route=\/wp\/v2\/posts\/24388","targetHints":{"allow":["GET"]}}],"collection":[{"href":"https:\/\/encuentroinformativo.com.mx\/index.php?rest_route=\/wp\/v2\/posts"}],"about":[{"href":"https:\/\/encuentroinformativo.com.mx\/index.php?rest_route=\/wp\/v2\/types\/post"}],"author":[{"embeddable":true,"href":"https:\/\/encuentroinformativo.com.mx\/index.php?rest_route=\/wp\/v2\/users\/1"}],"replies":[{"embeddable":true,"href":"https:\/\/encuentroinformativo.com.mx\/index.php?rest_route=%2Fwp%2Fv2%2Fcomments&post=24388"}],"version-history":[{"count":1,"href":"https:\/\/encuentroinformativo.com.mx\/index.php?rest_route=\/wp\/v2\/posts\/24388\/revisions"}],"predecessor-version":[{"id":24389,"href":"https:\/\/encuentroinformativo.com.mx\/index.php?rest_route=\/wp\/v2\/posts\/24388\/revisions\/24389"}],"wp:featuredmedia":[{"embeddable":true,"href":"https:\/\/encuentroinformativo.com.mx\/index.php?rest_route=\/wp\/v2\/media\/488"}],"wp:attachment":[{"href":"https:\/\/encuentroinformativo.com.mx\/index.php?rest_route=%2Fwp%2Fv2%2Fmedia&parent=24388"}],"wp:term":[{"taxonomy":"category","embeddable":true,"href":"https:\/\/encuentroinformativo.com.mx\/index.php?rest_route=%2Fwp%2Fv2%2Fcategories&post=24388"},{"taxonomy":"post_tag","embeddable":true,"href":"https:\/\/encuentroinformativo.com.mx\/index.php?rest_route=%2Fwp%2Fv2%2Ftags&post=24388"}],"curies":[{"name":"wp","href":"https:\/\/api.w.org\/{rel}","templated":true}]}}