{"id":24390,"date":"2022-03-08T09:19:42","date_gmt":"2022-03-08T15:19:42","guid":{"rendered":"https:\/\/encuentroinformativo.com.mx\/?p=24390"},"modified":"2022-03-08T09:19:45","modified_gmt":"2022-03-08T15:19:45","slug":"aparece-figura-de-marlon-n-en-antimonumenta-de-veracruz-puerto","status":"publish","type":"post","link":"https:\/\/encuentroinformativo.com.mx\/?p=24390","title":{"rendered":"Aparece figura de Marlon &#8220;N&#8221; en Antimonumenta de Veracruz Puerto"},"content":{"rendered":"\n<p><strong>Alejandro \u00c1vila<\/strong><\/p>\n\n\n\n<p><strong>Fotos: <\/strong>F\u00e9lix M\u00e1rquez\/Cortes\u00eda <\/p>\n\n\n\n<p>Veracruz, Ver.- Una figura con el rostro de Marlon &#8220;N&#8221; apareci\u00f3 la ma\u00f1ana de este martes en la Antimonumenta que se encuentra en la Plaza de la Soberan\u00eda, sobre el bulevar &#8220;Manuel \u00c1vila Camacho&#8221; del municipio Veracruz.<\/p>\n\n\n\n<p>Junto al mu\u00f1eco hab\u00eda una pinta con su rostro, el cual ten\u00eda la palabra &#8220;Feminicida&#8221;; adem\u00e1s, un cartel qu\u00e9 dec\u00eda &#8220;Marlon &#8220;B&#8221; entr\u00e9gate&#8221;, y a la par al hashtag #8M.<\/p>\n\n\n\n<p>Cabe recordar qu\u00e9 Marlon &#8220;N&#8221; es acusado del presunto feminicidio de Montserrat Bendimes el pasado 17 de abril del 2021; y desde esa fecha se encuentra pr\u00f3fugo de la justicia, siendo incluso buscado por la Interpol qui\u00e9n ya emiti\u00f3 una ficha roja a nivel internacional.<\/p>\n\n\n\n<p>La Antimonumenta que justo este d\u00eda cumple un a\u00f1o en el municipio de Veracruz, fue colocado por un grupo de feministas, qui\u00e9nes buscan recordar a las v\u00edctimas de feminicidio al tiempo que desean erradicar la violencia de g\u00e9nero.<\/p>\n\n\n\n<p>Este martes, con motivo del #8M &#8220;D\u00eda Internacional de la Mujer&#8221;, se llevar\u00e1n a cabo en la zona conurbada Veracruz &#8211; Boca del R\u00edo dos marchas.<\/p>\n\n\n\n<p>Una convocada a las 5 de la tarde, que saldr\u00e1 de Plaza Dorada con rumbo a Plaza de los Valores en Boca del R\u00edo; mientras que la otra tambi\u00e9n convocada a las 5 de la tarde, saldr\u00e1 del monumento de los &#8220;Ni\u00f1os H\u00e9roes&#8221; en Boca del R\u00edo, con rumbo a la Antimonumenta en la Plaza de la Soberan\u00eda en Veracruz puerto.<\/p>\n\n\n\n<figure class=\"wp-block-image size-large\"><img loading=\"lazy\" decoding=\"async\" width=\"768\" height=\"1024\" src=\"https:\/\/encuentroinformativo.com.mx\/wp-content\/uploads\/2022\/03\/0EE3A4ED-61FF-4EB8-AE20-CD96E895930F-768x1024.jpeg\" alt=\"\" class=\"wp-image-24392\" srcset=\"https:\/\/encuentroinformativo.com.mx\/wp-content\/uploads\/2022\/03\/0EE3A4ED-61FF-4EB8-AE20-CD96E895930F-768x1024.jpeg 768w, https:\/\/encuentroinformativo.com.mx\/wp-content\/uploads\/2022\/03\/0EE3A4ED-61FF-4EB8-AE20-CD96E895930F-225x300.jpeg 225w, https:\/\/encuentroinformativo.com.mx\/wp-content\/uploads\/2022\/03\/0EE3A4ED-61FF-4EB8-AE20-CD96E895930F-1152x1536.jpeg 1152w, https:\/\/encuentroinformativo.com.mx\/wp-content\/uploads\/2022\/03\/0EE3A4ED-61FF-4EB8-AE20-CD96E895930F.jpeg 1200w\" sizes=\"auto, (max-width: 768px) 100vw, 768px\" \/><\/figure>\n","protected":false},"excerpt":{"rendered":"<p>Alejandro \u00c1vila Fotos: F\u00e9lix M\u00e1rquez\/Cortes\u00eda Veracruz, Ver.- Una figura con el rostro de Marlon &#8220;N&#8221; apareci\u00f3 la ma\u00f1ana de este martes en la Antimonumenta que se encuentra en la Plaza de la Soberan\u00eda, sobre el bulevar &#8220;Manuel \u00c1vila Camacho&#8221; del municipio Veracruz. Junto al mu\u00f1eco hab\u00eda una pinta con su rostro, el cual ten\u00eda la [&hellip;]<\/p>\n","protected":false},"author":1,"featured_media":24391,"comment_status":"open","ping_status":"open","sticky":false,"template":"","format":"standard","meta":{"_jetpack_memberships_contains_paid_content":false,"footnotes":""},"categories":[2],"tags":[],"class_list":["post-24390","post","type-post","status-publish","format-standard","has-post-thumbnail","hentry","category-estado"],"jetpack_featured_media_url":"https:\/\/encuentroinformativo.com.mx\/wp-content\/uploads\/2022\/03\/9FD7D1F5-F247-401E-8D87-2EB6A40820DA.jpeg","jetpack_sharing_enabled":true,"jetpack_likes_enabled":true,"amp_enabled":true,"_links":{"self":[{"href":"https:\/\/encuentroinformativo.com.mx\/index.php?rest_route=\/wp\/v2\/posts\/24390","targetHints":{"allow":["GET"]}}],"collection":[{"href":"https:\/\/encuentroinformativo.com.mx\/index.php?rest_route=\/wp\/v2\/posts"}],"about":[{"href":"https:\/\/encuentroinformativo.com.mx\/index.php?rest_route=\/wp\/v2\/types\/post"}],"author":[{"embeddable":true,"href":"https:\/\/encuentroinformativo.com.mx\/index.php?rest_route=\/wp\/v2\/users\/1"}],"replies":[{"embeddable":true,"href":"https:\/\/encuentroinformativo.com.mx\/index.php?rest_route=%2Fwp%2Fv2%2Fcomments&post=24390"}],"version-history":[{"count":1,"href":"https:\/\/encuentroinformativo.com.mx\/index.php?rest_route=\/wp\/v2\/posts\/24390\/revisions"}],"predecessor-version":[{"id":24393,"href":"https:\/\/encuentroinformativo.com.mx\/index.php?rest_route=\/wp\/v2\/posts\/24390\/revisions\/24393"}],"wp:featuredmedia":[{"embeddable":true,"href":"https:\/\/encuentroinformativo.com.mx\/index.php?rest_route=\/wp\/v2\/media\/24391"}],"wp:attachment":[{"href":"https:\/\/encuentroinformativo.com.mx\/index.php?rest_route=%2Fwp%2Fv2%2Fmedia&parent=24390"}],"wp:term":[{"taxonomy":"category","embeddable":true,"href":"https:\/\/encuentroinformativo.com.mx\/index.php?rest_route=%2Fwp%2Fv2%2Fcategories&post=24390"},{"taxonomy":"post_tag","embeddable":true,"href":"https:\/\/encuentroinformativo.com.mx\/index.php?rest_route=%2Fwp%2Fv2%2Ftags&post=24390"}],"curies":[{"name":"wp","href":"https:\/\/api.w.org\/{rel}","templated":true}]}}