{"id":24396,"date":"2022-03-08T09:32:06","date_gmt":"2022-03-08T15:32:06","guid":{"rendered":"https:\/\/encuentroinformativo.com.mx\/?p=24396"},"modified":"2022-03-08T09:32:10","modified_gmt":"2022-03-08T15:32:10","slug":"como-lo-ven-como-lo-sienten","status":"publish","type":"post","link":"https:\/\/encuentroinformativo.com.mx\/?p=24396","title":{"rendered":"C\u00f3mo lo ven, c\u00f3mo lo sienten"},"content":{"rendered":"\n<p><strong>Los Pol\u00edticos<\/strong><\/p>\n\n\n\n<p><strong>Salvador Mu\u00f1oz<\/strong><\/p>\n\n\n\n<p>\u201c\u00bfC\u00f3mo me ves? \u00bfC\u00f3mo me sientes?\u201d, pregunt\u00f3 al abogado. No esper\u00f3 la respuesta porque \u00e9l mismo contest\u00f3 con un mon\u00f3logo: \u201cQuiero que me tengan miedo, que me respeten\u201d, pero lo que m\u00e1s sorprendi\u00f3 fue el deseo profundo que solt\u00f3 a su escucha: \u201cQuiero superar a Reynaldo\u201d.<\/p>\n\n\n\n<p>La verdad, cuando me lo contaron, record\u00e9 un episodio\u2026 llegamos a la secretar\u00eda de Gobierno y pedimos audiencia\u2026 nos hicieron pasar a la oficina del Dos y se inici\u00f3 una pl\u00e1tica muy amena que s\u00f3lo fue interrumpida por el toquido a la puerta que dio paso a que una joven se asomara. El Dos hizo una se\u00f1al con la mano de \u201cadelante, pasa\u201d y la secretaria con libreta en mano entr\u00f3 a la oficina. Entonces, el Dos se llev\u00f3 la mano a su mejilla y la toc\u00f3 dos veces. La joven se dirigi\u00f3 hacia \u00e9l y le plant\u00f3 un beso en el cachete. Acto seguido, se retir\u00f3 la joven. \u00bfA qu\u00e9 entr\u00f3? Sinceramente no recuerdo, pero el Dos en ese momento creo que tuvo a bien mostrarnos \u201csu poder\u201d con ese obsculillo cachetero.<\/p>\n\n\n\n<p>Me cuenta un fundador de Morena en Veracruz que cuando se enter\u00f3 que era ya un hecho de que a Veracruz llegaba Bola 8 como el Dos del Gobierno cuiltlahuista, s\u00f3lo alcanz\u00f3 a decir: \u201cla secretar\u00eda de Gobierno se convertir\u00e1 en un burdel\u201d&#8230;<\/p>\n\n\n\n<p>Realmente desconozco el sentido que le haya pretendido dar a la palabra, pero a lo que m\u00e1s le apuesto es que se haya referido a la \u201cProstituci\u00f3n de la Pol\u00edtica\u201d&#8230;<\/p>\n\n\n\n<p>Recordando a otros secretarios de Gobierno, uno piensa en Dante Delgado, Yunes Linares, Nohem\u00ed Quirasco Hern\u00e1ndez, Erick Lagos, Flavino R\u00edos, Rogelio Franco\u2026<\/p>\n\n\n\n<p>S\u00f3lo Dante y Miguel \u00c1ngel Yunes Linares, de un modo u otro, han dado el salto para ser Gobernador de la entidad\u2026<\/p>\n\n\n\n<p>De los citados, Dante, Flavino y Franco, de un modo u otro, pisaron la c\u00e1rcel, a tal grado que el tuxpe\u00f1o a\u00fan est\u00e1 all\u00ed bajo proceso.<\/p>\n\n\n\n<p>De los citados, Nohem\u00ed y Erick Lagos se perdieron\u2026 o al menos Chilly Willy parece perdido o anda agazapado\u2026<\/p>\n\n\n\n<p>Mientras, Reynaldo Escobar de vez en cuando asoma la cabeza tratando de superar los males de salud que le aquejan.<\/p>\n\n\n\n<p>Al final, en cada quien est\u00e1 ponerse las metas que uno guste\u2026 y en este caso, bien valdr\u00eda la pena preguntar: \u00bfC\u00f3mo lo ven? \u00bfC\u00f3mo lo sienten?<\/p>\n\n\n\n<p>En lo particular, creo que en Bola 8 hay m\u00e1s de Reynaldo Escobar P\u00e9rez que de cualquiera de los otros secretarios de Gobierno y no, no tanto por esa percepci\u00f3n de poder en un beso en la mejilla o porque crea que se \u201cburdeliz\u00f3\u201d la pol\u00edtica (si la hay) en la secretar\u00eda de Gobierno\u2026 no, sino porque a Bola 8 le botaron de manera particular nueve cad\u00e1veres, mientras que a Escobar P\u00e9rez, le aventaron 35, aunque en su caso, pas\u00f3 cuando era Procurador de Justicia en el Estado\u2026 en otras palabras, si fu\u00e9ramos exigentes, entonces dir\u00edamos que s\u00ed, \u00a1que ya lo super\u00f3! al menos en fiambres\u2026 \u00bfO ustedes c\u00f3mo lo ven? \u00bfC\u00f3mo lo sienten?<\/p>\n\n\n\n<p><a href=\"mailto:smcainito@gmail.com\" target=\"_blank\" rel=\"noreferrer noopener\">smcainito@gmail.com<\/a><\/p>\n","protected":false},"excerpt":{"rendered":"<p>Los Pol\u00edticos Salvador Mu\u00f1oz \u201c\u00bfC\u00f3mo me ves? \u00bfC\u00f3mo me sientes?\u201d, pregunt\u00f3 al abogado. No esper\u00f3 la respuesta porque \u00e9l mismo contest\u00f3 con un mon\u00f3logo: \u201cQuiero que me tengan miedo, que me respeten\u201d, pero lo que m\u00e1s sorprendi\u00f3 fue el deseo profundo que solt\u00f3 a su escucha: \u201cQuiero superar a Reynaldo\u201d. La verdad, cuando me lo [&hellip;]<\/p>\n","protected":false},"author":1,"featured_media":387,"comment_status":"open","ping_status":"open","sticky":false,"template":"","format":"standard","meta":{"_jetpack_memberships_contains_paid_content":false,"footnotes":""},"categories":[11],"tags":[],"class_list":["post-24396","post","type-post","status-publish","format-standard","has-post-thumbnail","hentry","category-opinion"],"jetpack_featured_media_url":"https:\/\/encuentroinformativo.com.mx\/wp-content\/uploads\/2020\/03\/7CF8A22B-2764-47BE-8F7F-38FE9E5D6A2F.jpeg","jetpack_sharing_enabled":true,"jetpack_likes_enabled":true,"amp_enabled":true,"_links":{"self":[{"href":"https:\/\/encuentroinformativo.com.mx\/index.php?rest_route=\/wp\/v2\/posts\/24396","targetHints":{"allow":["GET"]}}],"collection":[{"href":"https:\/\/encuentroinformativo.com.mx\/index.php?rest_route=\/wp\/v2\/posts"}],"about":[{"href":"https:\/\/encuentroinformativo.com.mx\/index.php?rest_route=\/wp\/v2\/types\/post"}],"author":[{"embeddable":true,"href":"https:\/\/encuentroinformativo.com.mx\/index.php?rest_route=\/wp\/v2\/users\/1"}],"replies":[{"embeddable":true,"href":"https:\/\/encuentroinformativo.com.mx\/index.php?rest_route=%2Fwp%2Fv2%2Fcomments&post=24396"}],"version-history":[{"count":1,"href":"https:\/\/encuentroinformativo.com.mx\/index.php?rest_route=\/wp\/v2\/posts\/24396\/revisions"}],"predecessor-version":[{"id":24397,"href":"https:\/\/encuentroinformativo.com.mx\/index.php?rest_route=\/wp\/v2\/posts\/24396\/revisions\/24397"}],"wp:featuredmedia":[{"embeddable":true,"href":"https:\/\/encuentroinformativo.com.mx\/index.php?rest_route=\/wp\/v2\/media\/387"}],"wp:attachment":[{"href":"https:\/\/encuentroinformativo.com.mx\/index.php?rest_route=%2Fwp%2Fv2%2Fmedia&parent=24396"}],"wp:term":[{"taxonomy":"category","embeddable":true,"href":"https:\/\/encuentroinformativo.com.mx\/index.php?rest_route=%2Fwp%2Fv2%2Fcategories&post=24396"},{"taxonomy":"post_tag","embeddable":true,"href":"https:\/\/encuentroinformativo.com.mx\/index.php?rest_route=%2Fwp%2Fv2%2Ftags&post=24396"}],"curies":[{"name":"wp","href":"https:\/\/api.w.org\/{rel}","templated":true}]}}