{"id":244,"date":"2020-02-29T12:01:50","date_gmt":"2020-02-29T18:01:50","guid":{"rendered":"https:\/\/encuentroinformativodotcomdotmx.wordpress.com\/2020\/02\/29\/coronavirus\/"},"modified":"2020-02-29T12:01:50","modified_gmt":"2020-02-29T18:01:50","slug":"coronavirus","status":"publish","type":"post","link":"https:\/\/encuentroinformativo.com.mx\/?p=244","title":{"rendered":"Coronavirus"},"content":{"rendered":"\n<figure class=\"wp-block-image size-large\"><img loading=\"lazy\" decoding=\"async\" width=\"2000\" height=\"890\" src=\"https:\/\/encuentroinformativo.com.mx\/wp-content\/uploads\/2020\/02\/opinion-invitado.jpg?w=1024\" alt=\"\" class=\"wp-image-70\" srcset=\"https:\/\/encuentroinformativo.com.mx\/wp-content\/uploads\/2020\/02\/opinion-invitado.jpg 2000w, https:\/\/encuentroinformativo.com.mx\/wp-content\/uploads\/2020\/02\/opinion-invitado-300x134.jpg 300w, https:\/\/encuentroinformativo.com.mx\/wp-content\/uploads\/2020\/02\/opinion-invitado-1024x456.jpg 1024w, https:\/\/encuentroinformativo.com.mx\/wp-content\/uploads\/2020\/02\/opinion-invitado-768x342.jpg 768w, https:\/\/encuentroinformativo.com.mx\/wp-content\/uploads\/2020\/02\/opinion-invitado-1536x684.jpg 1536w, https:\/\/encuentroinformativo.com.mx\/wp-content\/uploads\/2020\/02\/opinion-invitado-1200x534.jpg 1200w, https:\/\/encuentroinformativo.com.mx\/wp-content\/uploads\/2020\/02\/opinion-invitado-1980x881.jpg 1980w\" sizes=\"auto, (max-width: 2000px) 100vw, 2000px\" \/><\/figure>\n\n\n\n<p><strong>N\u00fameros Rojos<\/strong><\/p>\n\n\n\n<p><strong>Brenda Caballero<\/strong><\/p>\n\n\n\n<p>Era solamente cuesti\u00f3n de tiempo \u00a1lleg\u00f3 el Coronavirus! El d\u00eda de ayer se confirm\u00f3 el primer caso de Covid-19 en M\u00e9xico, y no fue por el crucero que arrib\u00f3 a Cozumel y del cual se ten\u00eda la alerta. Seg\u00fan declaraciones de las autoridades, el virus ingres\u00f3 por el Aeropuerto Internacional de la Ciudad de M\u00e9xico, procedente de Bergamo, Italia, v\u00eda Madrid, el 22 de febrero, l\u00f3gicamente derivado de la falta de protocolos de seguridad y sanidad para revisar a los pasajeros que ingresan al pa\u00eds.<\/p>\n\n\n\n<p>En la ma\u00f1anera, el d\u00eda de ayer,&nbsp; de acuerdo a declaraciones de Hugo L\u00f3pez Gatell, subsecretario de Prevenci\u00f3n y Promoci\u00f3n de la Salud, se mencion\u00f3 que ya un var\u00f3n ya se encontraba en aislamiento epidemiol\u00f3gico en el Instituto Nacional de Enfermedades Respiratorias; posteriormente, otro caso en Culiac\u00e1n, pues un conferencista procedente del mismo vuelo y que est\u00e1 hospedado en el hotel Lucerna, ya confirm\u00f3 positivo a la prueba. En ambos casos se ha contactado a las personas con las que mantuvieron contacto en la \u00faltima semana y ya hasta se aisl\u00f3 a toda la familia.<\/p>\n\n\n\n<p>Desde el jueves se mencionaba en redes sociales un caso en el Hospital La Raza, del IMSS&#8230; la noticia result\u00f3 falsa, como seguramente veremos muchas m\u00e1s en los pr\u00f3ximos d\u00edas; recordemos que hay muchas personas a las que les gusta ver arder al mundo o mejor dicho, les gusta ver contagiado al mundo.<\/p>\n\n\n\n<p>Si bien este viernes la informaci\u00f3n gir\u00f3 en torno al Coronavirus en los medios de comunicaci\u00f3n y redes sociales, de c\u00f3mo prevenir ser contagiado, no se pudo evitar que personas salieran a hacer compras de p\u00e1nico de desinfectantes como el de la marca Lysol, Pinol y hasta cubrebocas.<\/p>\n\n\n\n<p>Esto me record\u00f3 aquel abril de 2009 cuando muchas personas apanicadas, entre ellas yo, salieron a comprar aquel respirador contra part\u00edculas que usan los soldadores y que a\u00fan conservo y que me cost\u00f3 67 pesos. Todo con tal de protegernos de la Influenza A-H1N1 que sacudi\u00f3 al pa\u00eds y m\u00e1s porque en Veracruz ten\u00edamos el llamado&nbsp; \u201cel paciente cero\u201d, el ni\u00f1o \u00c9dgar Hern\u00e1ndez, el cual fue se\u00f1alado de inmediato por el entonces gobernador de Veracruz Fidel Herrera Beltr\u00e1n. \u00a1Vaya! hasta una estatua le hicieron al peque\u00f1\u00edn. Hoy el joven ha sido olvidado, y hasta pareciera que hubo mero oportunismo pol\u00edtico por parte del T\u00edo Fide para salir en los reflectores a nivel nacional.<\/p>\n\n\n\n<p>Si usted revisa las redes sociales, encontrar\u00e1 m\u00e1s memes y bromas sobre el Coronavirus que informaci\u00f3n de prevenci\u00f3n. Ya platic\u00e1bamos anteriormente que el mexicano se burla de todo, hasta de la muerte.<\/p>\n\n\n\n<p>Pero \u00bfdebemos preocuparnos? Preocuparnos s\u00ed, paniquearnos no, y desde luego seguir las recomendaciones que marcan las instituciones y organismos de Salud. Tambi\u00e9n, no acudir al hospital por una gripe con catarro, sino que debe estar acompa\u00f1ada de fiebre y malestar general, pues tambi\u00e9n recordemos que aunque se comente que hay espacios de atenci\u00f3n, el p\u00e1nico es m\u00e1s terrible que el virus.<\/p>\n\n\n\n<p>Mucho se ha hablado de la falta de protocolos y pol\u00edticas de salud preventivas para evitar el contagio del Covid 19; es verdad, nuestro pa\u00eds no tiene la infraestructura de los sistemas de salud de otros pa\u00edses, pero hay acciones que la sociedad civil va implementando, como poner antibacteriales en los lugares donde se concentra la mayor densidad de poblaci\u00f3n o como el que la iglesia suspenda el saludo de paz durante su homil\u00eda y poco a poco, m\u00e1s acciones se suman.<\/p>\n\n\n\n<p>Tal vez \u00e9stas le parezcan insignificantes, pero \u00bfQu\u00e9 m\u00e1s podemos hacer como individuos contra el Coronavirus?<\/p>\n\n\n\n<p>Mientras tanto, el Gobierno ya implementa sus Nocturneras, a las nueve de la noche, donde la Secretaria de Salud y el Subsecretario Hugo L\u00f3pez Gatell dar\u00e1n conferencia para mantener a la poblaci\u00f3n informada.<\/p>\n\n\n\n<p>@NumerosRojos_BC<\/p>\n\n\n\n<p><a rel=\"noreferrer noopener\" href=\"mailto:caballero_brenda@hotmail.com\" target=\"_blank\">caballero_brenda@hotmail.com<\/a><\/p>\n","protected":false},"excerpt":{"rendered":"<p>N\u00fameros Rojos Brenda Caballero Era solamente cuesti\u00f3n de tiempo \u00a1lleg\u00f3 el Coronavirus! El d\u00eda de ayer se confirm\u00f3 el primer caso de Covid-19 en M\u00e9xico, y no fue por el crucero que arrib\u00f3 a Cozumel y del cual se ten\u00eda la alerta. Seg\u00fan declaraciones de las autoridades, el virus ingres\u00f3 por el Aeropuerto Internacional de [&hellip;]<\/p>\n","protected":false},"author":1,"featured_media":70,"comment_status":"open","ping_status":"open","sticky":false,"template":"","format":"standard","meta":{"_jetpack_memberships_contains_paid_content":false,"footnotes":""},"categories":[3],"tags":[],"class_list":["post-244","post","type-post","status-publish","format-standard","has-post-thumbnail","hentry","category-xalapa"],"jetpack_featured_media_url":"https:\/\/encuentroinformativo.com.mx\/wp-content\/uploads\/2020\/02\/opinion-invitado.jpg","jetpack_sharing_enabled":true,"jetpack_likes_enabled":true,"amp_enabled":true,"_links":{"self":[{"href":"https:\/\/encuentroinformativo.com.mx\/index.php?rest_route=\/wp\/v2\/posts\/244","targetHints":{"allow":["GET"]}}],"collection":[{"href":"https:\/\/encuentroinformativo.com.mx\/index.php?rest_route=\/wp\/v2\/posts"}],"about":[{"href":"https:\/\/encuentroinformativo.com.mx\/index.php?rest_route=\/wp\/v2\/types\/post"}],"author":[{"embeddable":true,"href":"https:\/\/encuentroinformativo.com.mx\/index.php?rest_route=\/wp\/v2\/users\/1"}],"replies":[{"embeddable":true,"href":"https:\/\/encuentroinformativo.com.mx\/index.php?rest_route=%2Fwp%2Fv2%2Fcomments&post=244"}],"version-history":[{"count":0,"href":"https:\/\/encuentroinformativo.com.mx\/index.php?rest_route=\/wp\/v2\/posts\/244\/revisions"}],"wp:featuredmedia":[{"embeddable":true,"href":"https:\/\/encuentroinformativo.com.mx\/index.php?rest_route=\/wp\/v2\/media\/70"}],"wp:attachment":[{"href":"https:\/\/encuentroinformativo.com.mx\/index.php?rest_route=%2Fwp%2Fv2%2Fmedia&parent=244"}],"wp:term":[{"taxonomy":"category","embeddable":true,"href":"https:\/\/encuentroinformativo.com.mx\/index.php?rest_route=%2Fwp%2Fv2%2Fcategories&post=244"},{"taxonomy":"post_tag","embeddable":true,"href":"https:\/\/encuentroinformativo.com.mx\/index.php?rest_route=%2Fwp%2Fv2%2Ftags&post=244"}],"curies":[{"name":"wp","href":"https:\/\/api.w.org\/{rel}","templated":true}]}}