{"id":24402,"date":"2022-03-08T10:36:07","date_gmt":"2022-03-08T16:36:07","guid":{"rendered":"https:\/\/encuentroinformativo.com.mx\/?p=24402"},"modified":"2022-03-08T10:36:10","modified_gmt":"2022-03-08T16:36:10","slug":"promocion-femenina","status":"publish","type":"post","link":"https:\/\/encuentroinformativo.com.mx\/?p=24402","title":{"rendered":"Promoci\u00f3n femenina&#8230;"},"content":{"rendered":"\n<p>Xalapa, Ver.- En el marco del D\u00eda Internacional de la Mujer en el balc\u00f3n de Palacio de Gobierno, colocaron las im\u00e1genes de las titulares de organismos aut\u00f3nomos, as\u00ed como del Tribunal Superior de Justicia, Fiscal\u00eda General del Estado, Fiscal\u00eda Especializada en Combate a la Corrupci\u00f3n y la presidenta de la mesa directiva del Congreso del Estado.\u00a0<br><\/p>\n\n\n\n<figure class=\"wp-block-image size-large\"><img loading=\"lazy\" decoding=\"async\" width=\"1024\" height=\"768\" src=\"https:\/\/encuentroinformativo.com.mx\/wp-content\/uploads\/2022\/03\/FA3BB21A-B1B3-42FD-B3E1-F990D22F406C-1024x768.jpeg\" alt=\"\" class=\"wp-image-24404\" srcset=\"https:\/\/encuentroinformativo.com.mx\/wp-content\/uploads\/2022\/03\/FA3BB21A-B1B3-42FD-B3E1-F990D22F406C-1024x768.jpeg 1024w, https:\/\/encuentroinformativo.com.mx\/wp-content\/uploads\/2022\/03\/FA3BB21A-B1B3-42FD-B3E1-F990D22F406C-300x225.jpeg 300w, https:\/\/encuentroinformativo.com.mx\/wp-content\/uploads\/2022\/03\/FA3BB21A-B1B3-42FD-B3E1-F990D22F406C-768x576.jpeg 768w, https:\/\/encuentroinformativo.com.mx\/wp-content\/uploads\/2022\/03\/FA3BB21A-B1B3-42FD-B3E1-F990D22F406C-1536x1152.jpeg 1536w, https:\/\/encuentroinformativo.com.mx\/wp-content\/uploads\/2022\/03\/FA3BB21A-B1B3-42FD-B3E1-F990D22F406C.jpeg 1600w\" sizes=\"auto, (max-width: 1024px) 100vw, 1024px\" \/><\/figure>\n","protected":false},"excerpt":{"rendered":"<p>Xalapa, Ver.- En el marco del D\u00eda Internacional de la Mujer en el balc\u00f3n de Palacio de Gobierno, colocaron las im\u00e1genes de las titulares de organismos aut\u00f3nomos, as\u00ed como del Tribunal Superior de Justicia, Fiscal\u00eda General del Estado, Fiscal\u00eda Especializada en Combate a la Corrupci\u00f3n y la presidenta de la mesa directiva del Congreso del [&hellip;]<\/p>\n","protected":false},"author":1,"featured_media":24403,"comment_status":"open","ping_status":"open","sticky":false,"template":"","format":"standard","meta":{"_jetpack_memberships_contains_paid_content":false,"footnotes":""},"categories":[3],"tags":[],"class_list":["post-24402","post","type-post","status-publish","format-standard","has-post-thumbnail","hentry","category-xalapa"],"jetpack_featured_media_url":"https:\/\/encuentroinformativo.com.mx\/wp-content\/uploads\/2022\/03\/51DE9324-851C-42ED-B4B2-20961C2E5CF5.jpeg","jetpack_sharing_enabled":true,"jetpack_likes_enabled":true,"amp_enabled":true,"_links":{"self":[{"href":"https:\/\/encuentroinformativo.com.mx\/index.php?rest_route=\/wp\/v2\/posts\/24402","targetHints":{"allow":["GET"]}}],"collection":[{"href":"https:\/\/encuentroinformativo.com.mx\/index.php?rest_route=\/wp\/v2\/posts"}],"about":[{"href":"https:\/\/encuentroinformativo.com.mx\/index.php?rest_route=\/wp\/v2\/types\/post"}],"author":[{"embeddable":true,"href":"https:\/\/encuentroinformativo.com.mx\/index.php?rest_route=\/wp\/v2\/users\/1"}],"replies":[{"embeddable":true,"href":"https:\/\/encuentroinformativo.com.mx\/index.php?rest_route=%2Fwp%2Fv2%2Fcomments&post=24402"}],"version-history":[{"count":1,"href":"https:\/\/encuentroinformativo.com.mx\/index.php?rest_route=\/wp\/v2\/posts\/24402\/revisions"}],"predecessor-version":[{"id":24405,"href":"https:\/\/encuentroinformativo.com.mx\/index.php?rest_route=\/wp\/v2\/posts\/24402\/revisions\/24405"}],"wp:featuredmedia":[{"embeddable":true,"href":"https:\/\/encuentroinformativo.com.mx\/index.php?rest_route=\/wp\/v2\/media\/24403"}],"wp:attachment":[{"href":"https:\/\/encuentroinformativo.com.mx\/index.php?rest_route=%2Fwp%2Fv2%2Fmedia&parent=24402"}],"wp:term":[{"taxonomy":"category","embeddable":true,"href":"https:\/\/encuentroinformativo.com.mx\/index.php?rest_route=%2Fwp%2Fv2%2Fcategories&post=24402"},{"taxonomy":"post_tag","embeddable":true,"href":"https:\/\/encuentroinformativo.com.mx\/index.php?rest_route=%2Fwp%2Fv2%2Ftags&post=24402"}],"curies":[{"name":"wp","href":"https:\/\/api.w.org\/{rel}","templated":true}]}}