{"id":24409,"date":"2022-03-08T11:34:19","date_gmt":"2022-03-08T17:34:19","guid":{"rendered":"https:\/\/encuentroinformativo.com.mx\/?p=24409"},"modified":"2022-03-08T16:59:44","modified_gmt":"2022-03-08T22:59:44","slug":"respalda-alcaldesa-participacion-en-marchas","status":"publish","type":"post","link":"https:\/\/encuentroinformativo.com.mx\/?p=24409","title":{"rendered":"Respalda alcaldesa participaci\u00f3n en marchas"},"content":{"rendered":"\n<p><strong>Alejandro \u00c1vila<\/strong><\/p>\n\n\n\n<p>Veracruz, Ver.- La alcaldesa de Veracruz, Patricia Lobeira Rodr\u00edguez, inst\u00f3 a todas las mujeres de la ciudad a qu\u00e9 acudan a las diversas marchas que habr\u00e1 este d\u00eda 8 de marzo en la zona conurbada Veracruz &#8211;&nbsp; Boca del R\u00edo, por el D\u00eda Internacional de la Mujer.<\/p>\n\n\n\n<p>En M\u00e9xico la violencia en contra de las mujeres a\u00fan no va a la baja, y prueba de ello, es que el Estado de Veracruz contin\u00faa como segundo lugar en feminicidios a nivel nacional.<\/p>\n\n\n\n<p>&#8220;Aqu\u00ed lo que se ha comentado es que van a ser marchas pac\u00edficas, que van a estar tranquilas, y creo que es bueno que las mujeres se manifiesten, que salgan a las calles y que exijamos esa seguridad que nos merecemos, el pa\u00eds se ha visto afectado en el tema de seguridad en cuanto a la mujer, y bueno, tenemos que seguir luchando nosotras como mujeres, para exigir que se nos tome en cuenta, y que se tome las medidas necesarias de seguridad (\u2026) creo que todo se manifiestan de diferente manera, yo espero que aqu\u00ed en la ciudad se manifiestan de manera pac\u00edfica, logramos m\u00e1s si lo hacemos as\u00ed, porque se escucha m\u00e1s nuestra voz&#8221;, subray\u00f3.<\/p>\n\n\n\n<p>Al respecto de las Alertas de Violencia de G\u00e9nero que pesan sobre el municipio de Veracruz dijo que, el Instituto Municipal de la Mujer se encuentra en mesas de trabajo dentro del programa del Plan Municipal de Desarrollo y antes de que culmina el mes de abril se dar\u00e1n a conocer las acciones a tomar para brindar mayor seguridad a las mujeres.<\/p>\n\n\n\n<p>&#8220;A partir del mes de abril vamos a tener una idea mucho m\u00e1s clara, y vamos a presentarle a toda la ciudadan\u00eda en el Plan de Desarrollo Municipal, las acciones que vamos a estar llevando a cabo en cuanto a la mujer y a su seguridad&#8221;, remat\u00f3.<\/p>\n","protected":false},"excerpt":{"rendered":"<p>Alejandro \u00c1vila Veracruz, Ver.- La alcaldesa de Veracruz, Patricia Lobeira Rodr\u00edguez, inst\u00f3 a todas las mujeres de la ciudad a qu\u00e9 acudan a las diversas marchas que habr\u00e1 este d\u00eda 8 de marzo en la zona conurbada Veracruz &#8211;&nbsp; Boca del R\u00edo, por el D\u00eda Internacional de la Mujer. En M\u00e9xico la violencia en contra [&hellip;]<\/p>\n","protected":false},"author":1,"featured_media":24410,"comment_status":"open","ping_status":"open","sticky":false,"template":"","format":"standard","meta":{"_jetpack_memberships_contains_paid_content":false,"footnotes":""},"categories":[2],"tags":[],"class_list":["post-24409","post","type-post","status-publish","format-standard","has-post-thumbnail","hentry","category-estado"],"jetpack_featured_media_url":"https:\/\/encuentroinformativo.com.mx\/wp-content\/uploads\/2022\/03\/A447E7B6-5716-40BD-97CB-AC823ED74025.jpeg","jetpack_sharing_enabled":true,"jetpack_likes_enabled":true,"amp_enabled":true,"_links":{"self":[{"href":"https:\/\/encuentroinformativo.com.mx\/index.php?rest_route=\/wp\/v2\/posts\/24409","targetHints":{"allow":["GET"]}}],"collection":[{"href":"https:\/\/encuentroinformativo.com.mx\/index.php?rest_route=\/wp\/v2\/posts"}],"about":[{"href":"https:\/\/encuentroinformativo.com.mx\/index.php?rest_route=\/wp\/v2\/types\/post"}],"author":[{"embeddable":true,"href":"https:\/\/encuentroinformativo.com.mx\/index.php?rest_route=\/wp\/v2\/users\/1"}],"replies":[{"embeddable":true,"href":"https:\/\/encuentroinformativo.com.mx\/index.php?rest_route=%2Fwp%2Fv2%2Fcomments&post=24409"}],"version-history":[{"count":2,"href":"https:\/\/encuentroinformativo.com.mx\/index.php?rest_route=\/wp\/v2\/posts\/24409\/revisions"}],"predecessor-version":[{"id":24463,"href":"https:\/\/encuentroinformativo.com.mx\/index.php?rest_route=\/wp\/v2\/posts\/24409\/revisions\/24463"}],"wp:featuredmedia":[{"embeddable":true,"href":"https:\/\/encuentroinformativo.com.mx\/index.php?rest_route=\/wp\/v2\/media\/24410"}],"wp:attachment":[{"href":"https:\/\/encuentroinformativo.com.mx\/index.php?rest_route=%2Fwp%2Fv2%2Fmedia&parent=24409"}],"wp:term":[{"taxonomy":"category","embeddable":true,"href":"https:\/\/encuentroinformativo.com.mx\/index.php?rest_route=%2Fwp%2Fv2%2Fcategories&post=24409"},{"taxonomy":"post_tag","embeddable":true,"href":"https:\/\/encuentroinformativo.com.mx\/index.php?rest_route=%2Fwp%2Fv2%2Ftags&post=24409"}],"curies":[{"name":"wp","href":"https:\/\/api.w.org\/{rel}","templated":true}]}}