{"id":2441,"date":"2020-05-10T16:03:03","date_gmt":"2020-05-10T21:03:03","guid":{"rendered":"https:\/\/encuentroinformativo.com\/?p=2441"},"modified":"2020-05-10T16:03:06","modified_gmt":"2020-05-10T21:03:06","slug":"autoridades-no-deben-suspender-identificacion-de-victimas","status":"publish","type":"post","link":"https:\/\/encuentroinformativo.com.mx\/?p=2441","title":{"rendered":"Autoridades no deben suspender identificaci\u00f3n de v\u00edctimas"},"content":{"rendered":"\n<p><strong>Juan Arcos<\/strong><\/p>\n\n\n\n<p>Xalapa, Ver.- El gobierno del estado suspendi\u00f3 la b\u00fasqueda en campo de personas desaparecidas en la entidad.<\/p>\n\n\n\n<p>As\u00ed lo denunci\u00f3 Ana\u00eds Palacios P\u00e9rez, integrante del Consejo Estatal Ciudadano de la Comisi\u00f3n Legislativa Especial para el Seguimiento a la Problem\u00e1tica de la Desaparici\u00f3n de Personas en el Estado de Veracruz.<\/p>\n\n\n\n<p>La entrevistada coment\u00f3 que dicha situaci\u00f3n ocurri\u00f3 por una opini\u00f3n t\u00e9cnica de la Secretar\u00eda de Salud por la pandemia de coronavirus.<\/p>\n\n\n\n<p>\u201cPero digamos que esta actividad se detiene en cuanto a la participaci\u00f3n de las familias, no implica que las instituciones dejen de buscar o dejen de investigar los delitos\u201d.<\/p>\n\n\n\n<p>La activista acus\u00f3 que el pasado 30 de abril, en la \u00faltima reuni\u00f3n, no hubo avances en la identificaci\u00f3n de restos humanos hallados por los colectivos.<\/p>\n\n\n\n<p>\u201cLa direcci\u00f3n de Servicios Periciales ha tomado m\u00e1s tiempo del que ellos mismos reconocen que es el ideal, y aluden a un tema de la pandemia y el distanciamiento social. La pandemia y todas estas medidas iniciaron desde el mes de marzo, cuando el procesamiento y la recuperaci\u00f3n de los restos iniciaron en el mes de julio del a\u00f1o pasado\u201d.<\/p>\n\n\n\n<p>Palacios Perez dijo desconocer si dichas omisiones por parte de la Fiscal\u00eda General del Estado (FGE) sean intencionadas.<\/p>\n\n\n\n<p>\u201cHay plazos que se establecieron en el mismo plan general de intervenci\u00f3n de La Guapota, y plazos que las autoridades han pr\u00e1cticamente cacareado desde hace mucho tiempo como que tienen la capacidad para responder, que hay la voluntad pol\u00edtica, que como nunca antes se le da atenci\u00f3n al tema de los desaparecidos y pues en la pr\u00e1ctica no est\u00e1n presentando los resultados\u201d, a\u00f1adi\u00f3.<\/p>\n","protected":false},"excerpt":{"rendered":"<p>Juan Arcos Xalapa, Ver.- El gobierno del estado suspendi\u00f3 la b\u00fasqueda en campo de personas desaparecidas en la entidad. As\u00ed lo denunci\u00f3 Ana\u00eds Palacios P\u00e9rez, integrante del Consejo Estatal Ciudadano de la Comisi\u00f3n Legislativa Especial para el Seguimiento a la Problem\u00e1tica de la Desaparici\u00f3n de Personas en el Estado de Veracruz. La entrevistada coment\u00f3 que [&hellip;]<\/p>\n","protected":false},"author":1,"featured_media":2442,"comment_status":"open","ping_status":"open","sticky":false,"template":"","format":"standard","meta":{"_jetpack_memberships_contains_paid_content":false,"footnotes":""},"categories":[2],"tags":[],"class_list":["post-2441","post","type-post","status-publish","format-standard","has-post-thumbnail","hentry","category-estado"],"jetpack_featured_media_url":"https:\/\/encuentroinformativo.com.mx\/wp-content\/uploads\/2020\/05\/C9CC8207-B19D-4A85-B65B-BE5C2CC35468.jpeg","jetpack_sharing_enabled":true,"jetpack_likes_enabled":true,"amp_enabled":true,"_links":{"self":[{"href":"https:\/\/encuentroinformativo.com.mx\/index.php?rest_route=\/wp\/v2\/posts\/2441","targetHints":{"allow":["GET"]}}],"collection":[{"href":"https:\/\/encuentroinformativo.com.mx\/index.php?rest_route=\/wp\/v2\/posts"}],"about":[{"href":"https:\/\/encuentroinformativo.com.mx\/index.php?rest_route=\/wp\/v2\/types\/post"}],"author":[{"embeddable":true,"href":"https:\/\/encuentroinformativo.com.mx\/index.php?rest_route=\/wp\/v2\/users\/1"}],"replies":[{"embeddable":true,"href":"https:\/\/encuentroinformativo.com.mx\/index.php?rest_route=%2Fwp%2Fv2%2Fcomments&post=2441"}],"version-history":[{"count":1,"href":"https:\/\/encuentroinformativo.com.mx\/index.php?rest_route=\/wp\/v2\/posts\/2441\/revisions"}],"predecessor-version":[{"id":2443,"href":"https:\/\/encuentroinformativo.com.mx\/index.php?rest_route=\/wp\/v2\/posts\/2441\/revisions\/2443"}],"wp:featuredmedia":[{"embeddable":true,"href":"https:\/\/encuentroinformativo.com.mx\/index.php?rest_route=\/wp\/v2\/media\/2442"}],"wp:attachment":[{"href":"https:\/\/encuentroinformativo.com.mx\/index.php?rest_route=%2Fwp%2Fv2%2Fmedia&parent=2441"}],"wp:term":[{"taxonomy":"category","embeddable":true,"href":"https:\/\/encuentroinformativo.com.mx\/index.php?rest_route=%2Fwp%2Fv2%2Fcategories&post=2441"},{"taxonomy":"post_tag","embeddable":true,"href":"https:\/\/encuentroinformativo.com.mx\/index.php?rest_route=%2Fwp%2Fv2%2Ftags&post=2441"}],"curies":[{"name":"wp","href":"https:\/\/api.w.org\/{rel}","templated":true}]}}