{"id":24413,"date":"2022-03-08T12:44:50","date_gmt":"2022-03-08T18:44:50","guid":{"rendered":"https:\/\/encuentroinformativo.com.mx\/?p=24413"},"modified":"2022-03-08T12:44:53","modified_gmt":"2022-03-08T18:44:53","slug":"cuestiona-prd-resultados-de-fge-y-poder-judicial","status":"publish","type":"post","link":"https:\/\/encuentroinformativo.com.mx\/?p=24413","title":{"rendered":"Cuestiona PRD resultados de FGE y Poder Judicial"},"content":{"rendered":"\n<p><strong>Dar\u00edo Pale<\/strong><\/p>\n\n\n\n<p>Xalapa, Ver.- Miriam Lagunes, titular de Agendas del Sol Azteca, dio a conocer que previo a la marcha del 8M, el Partido de la Revoluci\u00f3n Democr\u00e1tica (PRD), llam\u00f3 a la Secretar\u00eda de Seguridad P\u00fablica del Estado para que respete el derecho de las manifestantes de alzar la voz y denunciar lo que se est\u00e1 haciendo mal en la Entidad.<\/p>\n\n\n\n<p>En conferencia de prensa, se\u00f1al\u00f3 que no es posible que no haya polic\u00edas para atender a las mujeres violentadas, pero s\u00ed para reprimir a las manifestantes,por lo que exhort\u00f3 al gobierno del Estado a emitir la convocatoria para ocupar el cargo de titular del Instituto Veracruzano de las Mujeres (IVM), toda vez que es &#8220;inaudito&#8221; que frente a la situaci\u00f3n de violencia que se vive, no haya una directora.<\/p>\n\n\n\n<p>En otro orden de ideas, respecto del desempe\u00f1o de la fiscal general, Ver\u00f3nica Hern\u00e1ndez y de la presidenta del Tribunal Superior de Justicia (TSJ), In\u00e9s Isabel Romero, opin\u00f3 que se ha hecho creer que por ser mujeres, las mujeres no puedan hacer una cr\u00edtica, porque se entender\u00eda que el peor enemigo de una mujer es otra mujer.<\/p>\n\n\n\n<p>&#8220;No es verdad, toda persona que se desempe\u00f1a en un puesto p\u00fablico tiene que rendir cuentas y si no est\u00e1 haciendo las cosas bien, sea hombre o sea mujer, se tiene que denunciar&#8221;, \u00a0se\u00f1al\u00f3.<\/p>\n\n\n\n<p>&#8220;El trabajo de la Fiscal\u00eda deja mucho que desear y tambi\u00e9n del Poder Judicial&#8221;, asegur\u00f3 y record\u00f3 la queja interpuesta contra la presidenta del TSJ por incurrir en violaciones a los derechos humanos a las familias de una v\u00edctima de feminicidio, asunto que revis\u00f3 el Comit\u00e9 para la eliminaci\u00f3n de la discriminaci\u00f3n contra la mujer (CEDAW, por sus siglas en ingl\u00e9s).<\/p>\n\n\n\n<p>Asimismo, afirm\u00f3 que desde que inici\u00f3 el actual gobierno estatal y federal se ha hecho una &#8220;cruzada&#8221; en contra de las mujeres que quieren que cambie el sistema machista y patriarcal, toda vez que desaparecieron programas como Estancias Infantiles, adem\u00e1s de que han ido recortando los presupuestos para atender la violencia contra las mujeres.<\/p>\n\n\n\n<p>De igual forma, se han llevado a cabo cierres de juzgados, lo que limita la posibilidad de las mujeres de acceder a la justicia y recientemente cambi\u00f3 el programa de Escuelas Tiempo Completo, lo que resta oportunidades a las mujeres de integrarse al mercado laborar en igualdad de oportunidades que los hombres.<\/p>\n\n\n\n<p>Refiri\u00f3 que en Veracruz existen dos Alertas de Violencia de G\u00e9nero, la primera por violencia feminicida, la segunda por agravio comparado y, est\u00e1 en puerta, la tercera por desaparici\u00f3n de adolescentes y ni\u00f1as.<\/p>\n\n\n\n<p>Ah\u00ed, se\u00f1al\u00f3 que siempre que piden informes, la respuesta que les dan es que es labor de la Comisi\u00f3n Nacional para Prevenir y Erradicar la Violencia Contra las Mujeres (Conavim).<br>Finalmente Miriam Lagunes, exigi\u00f3 que se haga de conocimiento p\u00fablico qu\u00e9 es lo s\u00e9 est\u00e1 haciendo exactamente para erradicar la violencia contra las mujeres en el Estado.<\/p>\n","protected":false},"excerpt":{"rendered":"<p>Dar\u00edo Pale Xalapa, Ver.- Miriam Lagunes, titular de Agendas del Sol Azteca, dio a conocer que previo a la marcha del 8M, el Partido de la Revoluci\u00f3n Democr\u00e1tica (PRD), llam\u00f3 a la Secretar\u00eda de Seguridad P\u00fablica del Estado para que respete el derecho de las manifestantes de alzar la voz y denunciar lo que se [&hellip;]<\/p>\n","protected":false},"author":1,"featured_media":24414,"comment_status":"open","ping_status":"open","sticky":false,"template":"","format":"standard","meta":{"_jetpack_memberships_contains_paid_content":false,"footnotes":""},"categories":[3],"tags":[],"class_list":["post-24413","post","type-post","status-publish","format-standard","has-post-thumbnail","hentry","category-xalapa"],"jetpack_featured_media_url":"https:\/\/encuentroinformativo.com.mx\/wp-content\/uploads\/2022\/03\/D1DFF0EC-62F5-492C-8F94-442E0CCEBC64.jpeg","jetpack_sharing_enabled":true,"jetpack_likes_enabled":true,"amp_enabled":true,"_links":{"self":[{"href":"https:\/\/encuentroinformativo.com.mx\/index.php?rest_route=\/wp\/v2\/posts\/24413","targetHints":{"allow":["GET"]}}],"collection":[{"href":"https:\/\/encuentroinformativo.com.mx\/index.php?rest_route=\/wp\/v2\/posts"}],"about":[{"href":"https:\/\/encuentroinformativo.com.mx\/index.php?rest_route=\/wp\/v2\/types\/post"}],"author":[{"embeddable":true,"href":"https:\/\/encuentroinformativo.com.mx\/index.php?rest_route=\/wp\/v2\/users\/1"}],"replies":[{"embeddable":true,"href":"https:\/\/encuentroinformativo.com.mx\/index.php?rest_route=%2Fwp%2Fv2%2Fcomments&post=24413"}],"version-history":[{"count":1,"href":"https:\/\/encuentroinformativo.com.mx\/index.php?rest_route=\/wp\/v2\/posts\/24413\/revisions"}],"predecessor-version":[{"id":24415,"href":"https:\/\/encuentroinformativo.com.mx\/index.php?rest_route=\/wp\/v2\/posts\/24413\/revisions\/24415"}],"wp:featuredmedia":[{"embeddable":true,"href":"https:\/\/encuentroinformativo.com.mx\/index.php?rest_route=\/wp\/v2\/media\/24414"}],"wp:attachment":[{"href":"https:\/\/encuentroinformativo.com.mx\/index.php?rest_route=%2Fwp%2Fv2%2Fmedia&parent=24413"}],"wp:term":[{"taxonomy":"category","embeddable":true,"href":"https:\/\/encuentroinformativo.com.mx\/index.php?rest_route=%2Fwp%2Fv2%2Fcategories&post=24413"},{"taxonomy":"post_tag","embeddable":true,"href":"https:\/\/encuentroinformativo.com.mx\/index.php?rest_route=%2Fwp%2Fv2%2Ftags&post=24413"}],"curies":[{"name":"wp","href":"https:\/\/api.w.org\/{rel}","templated":true}]}}