{"id":24416,"date":"2022-03-08T12:53:12","date_gmt":"2022-03-08T18:53:12","guid":{"rendered":"https:\/\/encuentroinformativo.com.mx\/?p=24416"},"modified":"2022-03-08T12:53:15","modified_gmt":"2022-03-08T18:53:15","slug":"recibio-coatepec-mas-de-70-mil-visitantes","status":"publish","type":"post","link":"https:\/\/encuentroinformativo.com.mx\/?p=24416","title":{"rendered":"Recibi\u00f3 Coatepec m\u00e1s de 70 mil visitantes"},"content":{"rendered":"\n<p><strong>Juan Arcos<\/strong><\/p>\n\n\n\n<p>Coatepec, Ver.- El municipio de Coatepec recibi\u00f3 a m\u00e1s de 70 mil visitantes durante los cuatro d\u00edas que se llev\u00f3 a cabo el evento tur\u00edstico, cultural y art\u00edstico \u201cOrgullo Veracruzano\u201d.<\/p>\n\n\n\n<p>As\u00ed lo dio a conocer el alcalde de Coatepec, Raymundo Andrade Rivera, quien a\u00f1adi\u00f3 que hubo un saldo blanco en el Pueblo M\u00e1gico durante esta actividad, realizada del 3 al 6 de marzo.<\/p>\n\n\n\n<p>\u201cQuiero agradecerle a toda la ciudadan\u00eda que se dio cita aqu\u00ed y decirles que en Coatepec, en estos cuatro d\u00edas, a pesar de la gran afluencia de visitantes que tuvimos es muy importante para nosotros dar a conocer que hubo saldo blanco, eso habla bien de una ciudadan\u00eda responsables, respetuosa\u201d, expres\u00f3.\u00a0<br>Indic\u00f3 que dicha situaci\u00f3n fue posible a pesar de que se hab\u00edan registrado algunos acontecimientos de inseguridad en la regi\u00f3n.<\/p>\n\n\n\n<p>\u201cPara nosotros esto es muy importante por la seguridad que se estaba viviendo en Coatepec, era muy triste, muy lamentable y hoy a pesar de la gran cantidad de visitantes, tener un saldo blanco, eso s\u00ed gusta y gusta mucho\u201d, indic\u00f3.<\/p>\n\n\n\n<p>En rueda de prensa, realizada en Coatepec, el edil indic\u00f3 que los hoteles y restaurantes reportaron \u201ccasa llena\u201d durante dicho evento.<\/p>\n\n\n\n<p>\u201cTambi\u00e9n quiero manifestarles que tuvimos casa llena en hoteles, restaurantes y la comunidad, calculamos que tuvimos alrededor de 70 mil visitantes en estos cuatro d\u00edas. Estamos muy contentos porque nos toc\u00f3 parte de la pista de hielo en los primeros d\u00edas de enero y la ciudadan\u00eda lo tom\u00f3 con mucha entrega y dedicaci\u00f3n, que nos solicitaron que realiz\u00e1ramos pronto otro evento, el cual fue un \u00e9xito, estos cuatro d\u00edas\u201d.<\/p>\n\n\n\n<p>En ese sentido, mencion\u00f3 que se analiza la realizaci\u00f3n de m\u00e1s eventos de este tipo en el municipio, siempre y cuando, las condiciones durante esta pandemia por Sars-Cov2 (Covid-19) lo permitan.<\/p>\n\n\n\n<p>Los empresarios, comerciantes y artesanos de la zona indicaron que el evento permiti\u00f3 la reactivaci\u00f3n econ\u00f3mica y solicitaron a las autoridades que se lleven a cabo actividades de este tipo con mayor frecuencia.<\/p>\n","protected":false},"excerpt":{"rendered":"<p>Juan Arcos Coatepec, Ver.- El municipio de Coatepec recibi\u00f3 a m\u00e1s de 70 mil visitantes durante los cuatro d\u00edas que se llev\u00f3 a cabo el evento tur\u00edstico, cultural y art\u00edstico \u201cOrgullo Veracruzano\u201d. As\u00ed lo dio a conocer el alcalde de Coatepec, Raymundo Andrade Rivera, quien a\u00f1adi\u00f3 que hubo un saldo blanco en el Pueblo M\u00e1gico [&hellip;]<\/p>\n","protected":false},"author":1,"featured_media":24417,"comment_status":"open","ping_status":"open","sticky":false,"template":"","format":"standard","meta":{"_jetpack_memberships_contains_paid_content":false,"footnotes":""},"categories":[8],"tags":[],"class_list":["post-24416","post","type-post","status-publish","format-standard","has-post-thumbnail","hentry","category-region"],"jetpack_featured_media_url":"https:\/\/encuentroinformativo.com.mx\/wp-content\/uploads\/2022\/03\/33545D7E-CEB2-456B-8EE7-C24570E965EF.jpeg","jetpack_sharing_enabled":true,"jetpack_likes_enabled":true,"amp_enabled":true,"_links":{"self":[{"href":"https:\/\/encuentroinformativo.com.mx\/index.php?rest_route=\/wp\/v2\/posts\/24416","targetHints":{"allow":["GET"]}}],"collection":[{"href":"https:\/\/encuentroinformativo.com.mx\/index.php?rest_route=\/wp\/v2\/posts"}],"about":[{"href":"https:\/\/encuentroinformativo.com.mx\/index.php?rest_route=\/wp\/v2\/types\/post"}],"author":[{"embeddable":true,"href":"https:\/\/encuentroinformativo.com.mx\/index.php?rest_route=\/wp\/v2\/users\/1"}],"replies":[{"embeddable":true,"href":"https:\/\/encuentroinformativo.com.mx\/index.php?rest_route=%2Fwp%2Fv2%2Fcomments&post=24416"}],"version-history":[{"count":1,"href":"https:\/\/encuentroinformativo.com.mx\/index.php?rest_route=\/wp\/v2\/posts\/24416\/revisions"}],"predecessor-version":[{"id":24418,"href":"https:\/\/encuentroinformativo.com.mx\/index.php?rest_route=\/wp\/v2\/posts\/24416\/revisions\/24418"}],"wp:featuredmedia":[{"embeddable":true,"href":"https:\/\/encuentroinformativo.com.mx\/index.php?rest_route=\/wp\/v2\/media\/24417"}],"wp:attachment":[{"href":"https:\/\/encuentroinformativo.com.mx\/index.php?rest_route=%2Fwp%2Fv2%2Fmedia&parent=24416"}],"wp:term":[{"taxonomy":"category","embeddable":true,"href":"https:\/\/encuentroinformativo.com.mx\/index.php?rest_route=%2Fwp%2Fv2%2Fcategories&post=24416"},{"taxonomy":"post_tag","embeddable":true,"href":"https:\/\/encuentroinformativo.com.mx\/index.php?rest_route=%2Fwp%2Fv2%2Ftags&post=24416"}],"curies":[{"name":"wp","href":"https:\/\/api.w.org\/{rel}","templated":true}]}}