{"id":24419,"date":"2022-03-08T13:05:22","date_gmt":"2022-03-08T19:05:22","guid":{"rendered":"https:\/\/encuentroinformativo.com.mx\/?p=24419"},"modified":"2022-03-08T13:05:25","modified_gmt":"2022-03-08T19:05:25","slug":"realizan-performance-por-8m-en-plaza-lerdo","status":"publish","type":"post","link":"https:\/\/encuentroinformativo.com.mx\/?p=24419","title":{"rendered":"Realizan performance por #8M en Plaza Lerdo"},"content":{"rendered":"\n<p><strong>Juan Arcos<\/strong> <\/p>\n\n\n\n<p>Xalapa, Ver.- La feminista Wendy L\u00f3pez Hern\u00e1ndez realiz\u00f3 un performance frente a Palacio de Gobierno y sobre la escalinata de la Catedral Metropolitana coloc\u00f3 un vestido de novia manchado con pintura roja, que simbolizaba la sangre y la constante violencia que padecen las mujeres en el estado.<\/p>\n\n\n\n<p>Cada 8 de marzo, D\u00eda Internacional de las Mujeres, desde hace 17 a\u00f1os, ha levantado la voz para exigir justicia por todas aquellas que han sido v\u00edctimas de la violencia.<\/p>\n\n\n\n<p>\u201cSe trabaja con vestido de novia porque es el ejemplo claro de lo que muchas mujeres sue\u00f1an o a lo que nos han acostumbrado en este sistema patriarcal, de que es el siguiente paso, de que si est\u00e1 casada est\u00e1 completa. T\u00fa tienes que ser la responsable de una casa, de un hogar\u201d, enfatiz\u00f3.<\/p>\n\n\n\n<p>Mencion\u00f3 que su protesta de este a\u00f1o fue dedicada a todas las mujeres que han padecido violencia dom\u00e9stica, cifras que tambi\u00e9n son elevadas y poco visibles.<\/p>\n\n\n\n<p>\u201cPor esas violencias que no se cuantifican, que no las vemos puestas en los peri\u00f3dicos, que no las vemos expuestas y de las que no se habla, encerradas en casa, entre cuatro paredes pero que dejan huella\u201d, expres\u00f3.<\/p>\n\n\n\n<p>Tambi\u00e9n se manifest\u00f3 para reconocer a las mujeres porque han sido las que m\u00e1s han trabajado durante esta pandemia del Sars-Cov2 (Covid-19).<\/p>\n\n\n\n<p>\u201cSomos las que m\u00e1s hemos trabajado, las que llevamos tres, cuatro, cinco, seis jornadas, porque no solo es trabajar, las que estamos estudiando o el trabajo que es dentro de casa, estamos haciendo cuatro o cinco tareas al mismo tiempo\u201d, a\u00f1adi\u00f3.<\/p>\n\n\n\n<p>La activista refiri\u00f3 que en lo que va de este a\u00f1o se han contabilizado 22 feminicidios en el estado de Veracruz, cifra que es alarmante.<\/p>\n\n\n\n<figure class=\"wp-block-image size-large\"><img loading=\"lazy\" decoding=\"async\" width=\"1024\" height=\"683\" src=\"https:\/\/encuentroinformativo.com.mx\/wp-content\/uploads\/2022\/03\/99299316-AABB-4FE2-845A-EE310420E74C-1024x683.jpeg\" alt=\"\" class=\"wp-image-24421\" srcset=\"https:\/\/encuentroinformativo.com.mx\/wp-content\/uploads\/2022\/03\/99299316-AABB-4FE2-845A-EE310420E74C-1024x683.jpeg 1024w, https:\/\/encuentroinformativo.com.mx\/wp-content\/uploads\/2022\/03\/99299316-AABB-4FE2-845A-EE310420E74C-300x200.jpeg 300w, https:\/\/encuentroinformativo.com.mx\/wp-content\/uploads\/2022\/03\/99299316-AABB-4FE2-845A-EE310420E74C-768x512.jpeg 768w, https:\/\/encuentroinformativo.com.mx\/wp-content\/uploads\/2022\/03\/99299316-AABB-4FE2-845A-EE310420E74C.jpeg 1488w\" sizes=\"auto, (max-width: 1024px) 100vw, 1024px\" \/><\/figure>\n\n\n\n<figure class=\"wp-block-image size-large\"><img loading=\"lazy\" decoding=\"async\" width=\"1024\" height=\"683\" src=\"https:\/\/encuentroinformativo.com.mx\/wp-content\/uploads\/2022\/03\/98529D99-8CB0-4CEC-BFE9-F2499934B2F5-1024x683.jpeg\" alt=\"\" class=\"wp-image-24422\" srcset=\"https:\/\/encuentroinformativo.com.mx\/wp-content\/uploads\/2022\/03\/98529D99-8CB0-4CEC-BFE9-F2499934B2F5-1024x683.jpeg 1024w, https:\/\/encuentroinformativo.com.mx\/wp-content\/uploads\/2022\/03\/98529D99-8CB0-4CEC-BFE9-F2499934B2F5-300x200.jpeg 300w, https:\/\/encuentroinformativo.com.mx\/wp-content\/uploads\/2022\/03\/98529D99-8CB0-4CEC-BFE9-F2499934B2F5-768x512.jpeg 768w, https:\/\/encuentroinformativo.com.mx\/wp-content\/uploads\/2022\/03\/98529D99-8CB0-4CEC-BFE9-F2499934B2F5.jpeg 1488w\" sizes=\"auto, (max-width: 1024px) 100vw, 1024px\" \/><\/figure>\n","protected":false},"excerpt":{"rendered":"<p>Juan Arcos Xalapa, Ver.- La feminista Wendy L\u00f3pez Hern\u00e1ndez realiz\u00f3 un performance frente a Palacio de Gobierno y sobre la escalinata de la Catedral Metropolitana coloc\u00f3 un vestido de novia manchado con pintura roja, que simbolizaba la sangre y la constante violencia que padecen las mujeres en el estado. Cada 8 de marzo, D\u00eda Internacional [&hellip;]<\/p>\n","protected":false},"author":1,"featured_media":24420,"comment_status":"open","ping_status":"open","sticky":false,"template":"","format":"standard","meta":{"_jetpack_memberships_contains_paid_content":false,"footnotes":""},"categories":[3],"tags":[],"class_list":["post-24419","post","type-post","status-publish","format-standard","has-post-thumbnail","hentry","category-xalapa"],"jetpack_featured_media_url":"https:\/\/encuentroinformativo.com.mx\/wp-content\/uploads\/2022\/03\/748CB04E-3E36-4A45-8824-E08CBDBC2DA9.jpeg","jetpack_sharing_enabled":true,"jetpack_likes_enabled":true,"amp_enabled":true,"_links":{"self":[{"href":"https:\/\/encuentroinformativo.com.mx\/index.php?rest_route=\/wp\/v2\/posts\/24419","targetHints":{"allow":["GET"]}}],"collection":[{"href":"https:\/\/encuentroinformativo.com.mx\/index.php?rest_route=\/wp\/v2\/posts"}],"about":[{"href":"https:\/\/encuentroinformativo.com.mx\/index.php?rest_route=\/wp\/v2\/types\/post"}],"author":[{"embeddable":true,"href":"https:\/\/encuentroinformativo.com.mx\/index.php?rest_route=\/wp\/v2\/users\/1"}],"replies":[{"embeddable":true,"href":"https:\/\/encuentroinformativo.com.mx\/index.php?rest_route=%2Fwp%2Fv2%2Fcomments&post=24419"}],"version-history":[{"count":1,"href":"https:\/\/encuentroinformativo.com.mx\/index.php?rest_route=\/wp\/v2\/posts\/24419\/revisions"}],"predecessor-version":[{"id":24423,"href":"https:\/\/encuentroinformativo.com.mx\/index.php?rest_route=\/wp\/v2\/posts\/24419\/revisions\/24423"}],"wp:featuredmedia":[{"embeddable":true,"href":"https:\/\/encuentroinformativo.com.mx\/index.php?rest_route=\/wp\/v2\/media\/24420"}],"wp:attachment":[{"href":"https:\/\/encuentroinformativo.com.mx\/index.php?rest_route=%2Fwp%2Fv2%2Fmedia&parent=24419"}],"wp:term":[{"taxonomy":"category","embeddable":true,"href":"https:\/\/encuentroinformativo.com.mx\/index.php?rest_route=%2Fwp%2Fv2%2Fcategories&post=24419"},{"taxonomy":"post_tag","embeddable":true,"href":"https:\/\/encuentroinformativo.com.mx\/index.php?rest_route=%2Fwp%2Fv2%2Ftags&post=24419"}],"curies":[{"name":"wp","href":"https:\/\/api.w.org\/{rel}","templated":true}]}}