{"id":24456,"date":"2022-03-08T15:52:35","date_gmt":"2022-03-08T21:52:35","guid":{"rendered":"https:\/\/encuentroinformativo.com.mx\/?p=24456"},"modified":"2022-03-08T15:52:38","modified_gmt":"2022-03-08T21:52:38","slug":"destaca-juan-manuel-unanue-compromiso-para-acabar-con-la-discriminacion-y-violencia-contra-mujeres-y-ninas","status":"publish","type":"post","link":"https:\/\/encuentroinformativo.com.mx\/?p=24456","title":{"rendered":"Destaca Juan Manuel Un\u00e1nue compromiso para acabar con la discriminaci\u00f3n y violencia contra mujeres y ni\u00f1as"},"content":{"rendered":"\n<p><strong>*Para conmemorar este 8 de marzo, se llev\u00f3 a cabo el Conversatorio \u201cEntre Mujeres\u201d<\/strong>.<\/p>\n\n\n\n<p><strong>*Impulsa distintas acciones como el relanzamiento de guarder\u00edas Boque\u00f1itos, senderos seguros, asesor\u00edas legales, entre muchos otros.<\/strong><\/p>\n\n\n\n<p>Boca del R\u00edo, Ver.- \u201cMi gobierno est\u00e1 comprometido con poner fin a todas las formas de discriminaci\u00f3n y violencia contra todas las mujeres y ni\u00f1as\u201d, recalc\u00f3 el alcalde de Boca del R\u00edo, Juan Manuel Un\u00e1nue Abascal, durante el Conversatorio \u201cEntre Mujeres\u201d, con motivo de la conmemoraci\u00f3n por el D\u00eda Internacional de la Mujer.<\/p>\n\n\n\n<p>En compa\u00f1\u00eda de la presidenta del DIF Municipal, Melina Rivera; la senadora Indira Rosales San Rom\u00e1n y la diputada Federal, Maryjose Gamboa Torales, dijo que en su gobierno se tiene muy claro que se debe actuar como un modelo de mejores pr\u00e1cticas para la comunidad, sobre todo porque se puede ejercer una influencia significativa en la vida de las mujeres mediante el uso de pr\u00e1cticas laborales justas y garantizando la prestaci\u00f3n de servicios p\u00fablicos con perspectiva de g\u00e9nero.<\/p>\n\n\n\n<p>\u201cLos gobiernos municipales estamos llamados a derribar las numerosas barreras para el empoderamiento de las mujeres, por eso celebro la presencia de cada una de ustedes en este conversatorio, ya que de este modo, se abre la oportunidad de que cada vez m\u00e1s mujeres y ni\u00f1as desempe\u00f1en un papel equitativo en la vida econ\u00f3mica, social, pol\u00edtica y cultural de nuestra ciudad\u201d.<\/p>\n\n\n\n<p>Destac\u00f3 que el Ayuntamiento de Boca del R\u00edo est\u00e1 fortaleciendo la ruta para transitar hacia una ciudad m\u00e1s segura y m\u00e1s igualitaria; por ello, impulsa distintas acciones complementarias como el relanzamiento de las guarder\u00edas Boque\u00f1itos, la instalaci\u00f3n de senderos seguros, asesor\u00edas legales, atenci\u00f3n psicol\u00f3gica y m\u00e9dica, y la rehabilitaci\u00f3n de espacios p\u00fablicos, al igual que la labor que realizan el DIF Municipal, el Instituto de la Mujer y los Enlaces de G\u00e9nero.<\/p>\n\n\n\n<p>\u201cEstamos mejorando la actuaci\u00f3n policial local y la planificaci\u00f3n urbana, en especial porque pensamos en la creaci\u00f3n y mantenimiento de los espacios p\u00fablicos como herramientas clave para combatir la violencia contra las mujeres\u201d.<\/p>\n\n\n\n<p>Tambi\u00e9n, mencion\u00f3 que uno de los retos m\u00e1s grandes es emprender acciones para acompa\u00f1ar a los dem\u00e1s esfuerzos institucionales y sociales para fomentar que cada vez haya m\u00e1s mujeres con mejores oportunidades laborales y con participaci\u00f3n en la esfera p\u00fablica. \u201cEsto solo se puede lograr con medidas de acci\u00f3n no discriminatorias y positivas\u201d.<\/p>\n\n\n\n<p>Del mismo modo, el Alcalde manifest\u00f3 su agradecimiento a la organizaci\u00f3n Colmena Verde, ya que con su apoyo se han podido identificar puntos de acci\u00f3n para mejorar espacios p\u00fablicos a fin de que mujeres y ni\u00f1as se sientan m\u00e1s segura; y expres\u00f3 su aprecio a quienes se dieron cita en este importante ejercicio de intercambio de ideas y experiencias con mujeres que conoce y respeta por el gran trabajo que realizan desde sus trincheras.<\/p>\n\n\n\n<p>\u201cCuando decid\u00ed participar de tiempo completo en el servicio p\u00fablico, los m\u00e1s grandes aprendizajes los recib\u00ed de mujeres. De ellas aprend\u00ed el valor del trabajo, de la entrega y de la voluntad para cambiar las cosas a partir de peque\u00f1os, pero significativos actos\u201d.<\/p>\n\n\n\n<p>Y expuso que, gracias a esas ense\u00f1anzas, su administraci\u00f3n involucra esa perspectiva en la forma de gobernar, por la importancia que tienen las mujeres para el municipio, no solo reconociendo, sino haciendo visibles sus aportaciones y colaborando para que en Boca del R\u00edo las mujeres y ni\u00f1as disfruten de vivir en una ciudad con desarrollo, en igualdad y con seguridad para desempe\u00f1ar cualquier actividad.<\/p>\n\n\n\n<p>\u201cGracias una vez m\u00e1s por estar aqu\u00ed, compartiendo, enriqueciendo, visibilizando y aportando conocimiento; para hacer de Boca del R\u00edo una ciudad que avance en la agenda igualitaria, de respeto y respaldo a las mujeres trabajadoras, madres, empresarias, cuidadoras y formadoras\u201d.<\/p>\n\n\n\n<p>Al evento conmemorativo tambi\u00e9n asistieron la S\u00edndica \u00danica, Susana Tiburcio Galicia; la directora del Instituto Municipal de las Mujeres de Boca del R\u00edo, Ana Gabriela Pantoja Andrade; la directora del DIF Municipal, Yamileth Herrera D\u00edaz; la secretaria de Ayuntamiento, Judith Pineda Andrade; y Valeria Portillo Vel\u00e1zquez, representante de la Colectiva Colmena Verde, as\u00ed como regidoras y regidores.<\/p>\n","protected":false},"excerpt":{"rendered":"<p>*Para conmemorar este 8 de marzo, se llev\u00f3 a cabo el Conversatorio \u201cEntre Mujeres\u201d. *Impulsa distintas acciones como el relanzamiento de guarder\u00edas Boque\u00f1itos, senderos seguros, asesor\u00edas legales, entre muchos otros. Boca del R\u00edo, Ver.- \u201cMi gobierno est\u00e1 comprometido con poner fin a todas las formas de discriminaci\u00f3n y violencia contra todas las mujeres y ni\u00f1as\u201d, [&hellip;]<\/p>\n","protected":false},"author":1,"featured_media":24457,"comment_status":"open","ping_status":"open","sticky":false,"template":"","format":"standard","meta":{"_jetpack_memberships_contains_paid_content":false,"footnotes":""},"categories":[2],"tags":[],"class_list":["post-24456","post","type-post","status-publish","format-standard","has-post-thumbnail","hentry","category-estado"],"jetpack_featured_media_url":"https:\/\/encuentroinformativo.com.mx\/wp-content\/uploads\/2022\/03\/ECF66473-0B23-412B-B490-6A9DCBA1FDB5.jpeg","jetpack_sharing_enabled":true,"jetpack_likes_enabled":true,"amp_enabled":true,"_links":{"self":[{"href":"https:\/\/encuentroinformativo.com.mx\/index.php?rest_route=\/wp\/v2\/posts\/24456","targetHints":{"allow":["GET"]}}],"collection":[{"href":"https:\/\/encuentroinformativo.com.mx\/index.php?rest_route=\/wp\/v2\/posts"}],"about":[{"href":"https:\/\/encuentroinformativo.com.mx\/index.php?rest_route=\/wp\/v2\/types\/post"}],"author":[{"embeddable":true,"href":"https:\/\/encuentroinformativo.com.mx\/index.php?rest_route=\/wp\/v2\/users\/1"}],"replies":[{"embeddable":true,"href":"https:\/\/encuentroinformativo.com.mx\/index.php?rest_route=%2Fwp%2Fv2%2Fcomments&post=24456"}],"version-history":[{"count":1,"href":"https:\/\/encuentroinformativo.com.mx\/index.php?rest_route=\/wp\/v2\/posts\/24456\/revisions"}],"predecessor-version":[{"id":24458,"href":"https:\/\/encuentroinformativo.com.mx\/index.php?rest_route=\/wp\/v2\/posts\/24456\/revisions\/24458"}],"wp:featuredmedia":[{"embeddable":true,"href":"https:\/\/encuentroinformativo.com.mx\/index.php?rest_route=\/wp\/v2\/media\/24457"}],"wp:attachment":[{"href":"https:\/\/encuentroinformativo.com.mx\/index.php?rest_route=%2Fwp%2Fv2%2Fmedia&parent=24456"}],"wp:term":[{"taxonomy":"category","embeddable":true,"href":"https:\/\/encuentroinformativo.com.mx\/index.php?rest_route=%2Fwp%2Fv2%2Fcategories&post=24456"},{"taxonomy":"post_tag","embeddable":true,"href":"https:\/\/encuentroinformativo.com.mx\/index.php?rest_route=%2Fwp%2Fv2%2Ftags&post=24456"}],"curies":[{"name":"wp","href":"https:\/\/api.w.org\/{rel}","templated":true}]}}