{"id":24466,"date":"2022-03-09T08:59:08","date_gmt":"2022-03-09T14:59:08","guid":{"rendered":"https:\/\/encuentroinformativo.com.mx\/?p=24466"},"modified":"2022-03-09T08:59:12","modified_gmt":"2022-03-09T14:59:12","slug":"las-empoderadas-de-cuic","status":"publish","type":"post","link":"https:\/\/encuentroinformativo.com.mx\/?p=24466","title":{"rendered":"Las empoderadas de Cuic"},"content":{"rendered":"\n<p><strong>Los Pol\u00edticos<\/strong><\/p>\n\n\n\n<p><strong>Salvador Mu\u00f1oz<\/strong><\/p>\n\n\n\n<p>Dicen que no basta Ser, sino tambi\u00e9n Parecer\u2026 igual dicen que las cosas no pasan por lo que son, sino por lo que parecen.<\/p>\n\n\n\n<p>Estas dos ideas las record\u00e9 cuando escuch\u00e9 a Cuitl\u00e1huac Garc\u00eda diciendo que viene un mejor futuro para las mujeres en Veracruz.<\/p>\n\n\n\n<p>Esta frase es tan similar a la que escucho desde los setentas, que nosotros (entonces ni\u00f1os) \u00edbamos a ser el futuro de M\u00e9xico, del Mundo\u2026 y aqu\u00ed estamos\u2026 algunos repitiendo la misma cantaleta pero ahora en la figura de la Mujer en voz de Cuitl\u00e1huac: Un futuro mejor les promete \u00bfporque su Presente est\u00e1 de la patada?<\/p>\n\n\n\n<p>S\u00ed, se puede decir y repetir hasta el cansancio que hoy ocupan muchas carteras importantes en su Gabinete y estoy de acuerdo, muchas.<\/p>\n\n\n\n<p>Algunas o pocas mujeres, dependiendo de la perspectiva de cada quien, hacen un papel decoroso, digno, que no s\u00f3lo se circunscribe en su papel como funcionarias, sino que de un modo u otro, hasta pudiera dar lugar a decir que tuvo tino al nombrarlas en tales cargos\u2026 a ojo de buen cubero bien podr\u00eda citar a las Lupitas: En el IPE, Daniela Guadalupe Griego Ceballos (que si bien, no es del Gabinete, igual entra) y a Guadalupe Osorno Maldonado, Protecci\u00f3n Civil.<\/p>\n\n\n\n<p>No se puede decir lo mismo de los \u00f3rganos aut\u00f3nomos porque se supone que Cuitl\u00e1huac no tuvo nada que ver, por ejemplo, con la designaci\u00f3n de las titulares de la Fiscal\u00eda General del Estado, Ver\u00f3nica Hern\u00e1ndez Giad\u00e1ns; o del Poder Judicial del Estado, Isabel In\u00e9s Romero; o de la presidenta de la Mesa Directiva del Congreso local, Cecilia Guevara\u2026 por decir algunas\u2026 y es cuando vuelvo al inicio de esta columna: No basta Ser, sino tambi\u00e9n Parecer\u2026<\/p>\n\n\n\n<p>Sale diciendo Cecilia Guevara Guembe, all\u00e1 en el Uxpanapa, que como mujer y madre de familia, agradece a Cuitl\u00e1huac \u201cpor el trabajo que la presente administraci\u00f3n est\u00e1 consolidando: nos sentimos protegidas y respetadas, como nunca antes lo hab\u00edamos estado\u201d.<\/p>\n\n\n\n<p>Es decir que por asumir una condici\u00f3n de sumisi\u00f3n pol\u00edtica, de sopet\u00f3n, se le olvid\u00f3 a do\u00f1a Cecilia la lucha de otras mujeres por a\u00f1os por alcanzar la paridad, el respeto a sus derechos, la igualdad de mujeres en cualesquier posiciones dentro y fuera de la administraci\u00f3n p\u00fablica, en el sector privado, en la sociedad, en la casa\u2026<\/p>\n\n\n\n<p>\u00bfProtegidas y respetadas?<\/p>\n\n\n\n<p>\u00bfPues en qu\u00e9 mundo vive do\u00f1a Cecilia? Si hubiera prestado atenci\u00f3n, a su izquierda, hab\u00eda un hombre que le falt\u00f3 el respeto a una mujer durante una rueda de prensa\u2026 o quiz\u00e1s, en la misma direcci\u00f3n, hasta el fondo, si hubiera aguzado la vista, habr\u00eda encontrado a otro sujeto a quien le dijeron en comparecencia que en su oficina hab\u00eda casos de acoso sexual y laboral y en lugar de despedir a los depredadores, o movieron a sus potenciales v\u00edctimas o los cambiaron a ellos de oficina\u2026 \u00bfentre iguales se protegen?<\/p>\n\n\n\n<p>Mismo papelazo hizo la presidenta del \u201cPoder Judicial del Gobierno del Estado\u201d, Isabel In\u00e9s Romero, quien al tomar la palabra, vio en Cuitl\u00e1huac como el que ha hecho posible la transformaci\u00f3n de las mujeres en la entidad\u2026 \u00a1ingues\u00fa toda la lucha feminista de a\u00f1os! Cuitl\u00e1huac en tres \u00a1lo logr\u00f3! Agreguen que la Magistrada vino a darle al 8 de Marzo, un nuevo tinte: el D\u00eda de \u201cla Transformaci\u00f3n\u201d de la Mujer\u2026 chequen su discurso!<\/p>\n\n\n\n<p>Han de disculpar, pero m\u00e1s que mujeres, veo comparsa\u2026 as\u00ed, el 8 de Marzo, donde antes se \u201cfelicitaba\u201d a la creaci\u00f3n m\u00e1s bella de Dios, a las dadoras de vida, a las due\u00f1as de nuestros corazones, a quienes se les obsequiaba rosas, hoy, en Veracruz, esas \u201cempoderadas\u201d rinden pleites\u00eda a Cuitl\u00e1huac llen\u00e1ndolo de flores\u2026 mientras que en la Ciudad de M\u00e9xico, el grito del 8 fue \u201ces un honor estar con L\u00f3pez Obrador!\u201d<\/p>\n\n\n\n<p>En pocas palabras, mujeres el 8 de marzo, homenajeando a hombres!<\/p>\n\n\n\n<p><a href=\"mailto:smcainito@gmail.com\" target=\"_blank\" rel=\"noreferrer noopener\">smcainito@gmail.com<\/a>&nbsp;<\/p>\n","protected":false},"excerpt":{"rendered":"<p>Los Pol\u00edticos Salvador Mu\u00f1oz Dicen que no basta Ser, sino tambi\u00e9n Parecer\u2026 igual dicen que las cosas no pasan por lo que son, sino por lo que parecen. Estas dos ideas las record\u00e9 cuando escuch\u00e9 a Cuitl\u00e1huac Garc\u00eda diciendo que viene un mejor futuro para las mujeres en Veracruz. Esta frase es tan similar a [&hellip;]<\/p>\n","protected":false},"author":1,"featured_media":387,"comment_status":"open","ping_status":"open","sticky":false,"template":"","format":"standard","meta":{"_jetpack_memberships_contains_paid_content":false,"footnotes":""},"categories":[11],"tags":[],"class_list":["post-24466","post","type-post","status-publish","format-standard","has-post-thumbnail","hentry","category-opinion"],"jetpack_featured_media_url":"https:\/\/encuentroinformativo.com.mx\/wp-content\/uploads\/2020\/03\/7CF8A22B-2764-47BE-8F7F-38FE9E5D6A2F.jpeg","jetpack_sharing_enabled":true,"jetpack_likes_enabled":true,"amp_enabled":true,"_links":{"self":[{"href":"https:\/\/encuentroinformativo.com.mx\/index.php?rest_route=\/wp\/v2\/posts\/24466","targetHints":{"allow":["GET"]}}],"collection":[{"href":"https:\/\/encuentroinformativo.com.mx\/index.php?rest_route=\/wp\/v2\/posts"}],"about":[{"href":"https:\/\/encuentroinformativo.com.mx\/index.php?rest_route=\/wp\/v2\/types\/post"}],"author":[{"embeddable":true,"href":"https:\/\/encuentroinformativo.com.mx\/index.php?rest_route=\/wp\/v2\/users\/1"}],"replies":[{"embeddable":true,"href":"https:\/\/encuentroinformativo.com.mx\/index.php?rest_route=%2Fwp%2Fv2%2Fcomments&post=24466"}],"version-history":[{"count":1,"href":"https:\/\/encuentroinformativo.com.mx\/index.php?rest_route=\/wp\/v2\/posts\/24466\/revisions"}],"predecessor-version":[{"id":24467,"href":"https:\/\/encuentroinformativo.com.mx\/index.php?rest_route=\/wp\/v2\/posts\/24466\/revisions\/24467"}],"wp:featuredmedia":[{"embeddable":true,"href":"https:\/\/encuentroinformativo.com.mx\/index.php?rest_route=\/wp\/v2\/media\/387"}],"wp:attachment":[{"href":"https:\/\/encuentroinformativo.com.mx\/index.php?rest_route=%2Fwp%2Fv2%2Fmedia&parent=24466"}],"wp:term":[{"taxonomy":"category","embeddable":true,"href":"https:\/\/encuentroinformativo.com.mx\/index.php?rest_route=%2Fwp%2Fv2%2Fcategories&post=24466"},{"taxonomy":"post_tag","embeddable":true,"href":"https:\/\/encuentroinformativo.com.mx\/index.php?rest_route=%2Fwp%2Fv2%2Ftags&post=24466"}],"curies":[{"name":"wp","href":"https:\/\/api.w.org\/{rel}","templated":true}]}}