{"id":24468,"date":"2022-03-09T10:13:46","date_gmt":"2022-03-09T16:13:46","guid":{"rendered":"https:\/\/encuentroinformativo.com.mx\/?p=24468"},"modified":"2022-03-09T10:13:49","modified_gmt":"2022-03-09T16:13:49","slug":"a-tlalixcoyan-le-conviene-que-gobierno-estatal-cobre-el-predial-alcaldesa","status":"publish","type":"post","link":"https:\/\/encuentroinformativo.com.mx\/?p=24468","title":{"rendered":"A Tlalixcoyan le conviene que Gobierno Estatal cobre el predial: Alcaldesa"},"content":{"rendered":"\n<p><strong>Alejandro \u00c1vila<\/strong><\/p>\n\n\n\n<p>Tlalixcoyan, Ver.- Debido a que existen muchas personas que no acuden a la cabecera municipal a efectuar su pago del impuesto predial, al Ayuntamiento de Tlalixcoyan le conviene sumarse a la propuesta de Gobierno del Estado.<\/p>\n\n\n\n<p>Cabe mencionar, que el pasado 17 de diciembre se aprob\u00f3 en el Congreso Local la modificaci\u00f3n a la Ley de Coordinaci\u00f3n Fiscal, misma que permite que a trav\u00e9s de la Secretar\u00eda de Finanzas y Planeaci\u00f3n (SEFIPLAN), los Ayuntamientos puedan cobrar su impuesto predial.<\/p>\n\n\n\n<p>&#8220;S\u00ed, s\u00ed nos vamos a adherir al convenio (\u2026) lo vamos a pasar -en Cabildo-, y la verdad no le veo mayor riesgo, y m\u00e1s si el Gobierno nos est\u00e1 apoyando en eso&#8221;, dijo la alcaldesa Elvia Illescas Loyo.<\/p>\n\n\n\n<p>Los Ayuntamientos que se sumen a esta iniciativa, podr\u00edan obtener hasta un 30 por ciento del Fondo de Fomento Municipal, elevando as\u00ed las participaciones federales qu\u00e9 les entrega Gobierno del Estado.<\/p>\n\n\n\n<p>La panista dijo que, al d\u00eda de hoy, Tlalixcoyan recibe al a\u00f1o de todos los presupuestos, alrededor de 100 millones de pesos.<\/p>\n","protected":false},"excerpt":{"rendered":"<p>Alejandro \u00c1vila Tlalixcoyan, Ver.- Debido a que existen muchas personas que no acuden a la cabecera municipal a efectuar su pago del impuesto predial, al Ayuntamiento de Tlalixcoyan le conviene sumarse a la propuesta de Gobierno del Estado. Cabe mencionar, que el pasado 17 de diciembre se aprob\u00f3 en el Congreso Local la modificaci\u00f3n a [&hellip;]<\/p>\n","protected":false},"author":1,"featured_media":24469,"comment_status":"open","ping_status":"open","sticky":false,"template":"","format":"standard","meta":{"_jetpack_memberships_contains_paid_content":false,"footnotes":""},"categories":[2],"tags":[],"class_list":["post-24468","post","type-post","status-publish","format-standard","has-post-thumbnail","hentry","category-estado"],"jetpack_featured_media_url":"https:\/\/encuentroinformativo.com.mx\/wp-content\/uploads\/2022\/03\/663A2E31-D000-483A-A82A-676B83C40227.jpeg","jetpack_sharing_enabled":true,"jetpack_likes_enabled":true,"amp_enabled":true,"_links":{"self":[{"href":"https:\/\/encuentroinformativo.com.mx\/index.php?rest_route=\/wp\/v2\/posts\/24468","targetHints":{"allow":["GET"]}}],"collection":[{"href":"https:\/\/encuentroinformativo.com.mx\/index.php?rest_route=\/wp\/v2\/posts"}],"about":[{"href":"https:\/\/encuentroinformativo.com.mx\/index.php?rest_route=\/wp\/v2\/types\/post"}],"author":[{"embeddable":true,"href":"https:\/\/encuentroinformativo.com.mx\/index.php?rest_route=\/wp\/v2\/users\/1"}],"replies":[{"embeddable":true,"href":"https:\/\/encuentroinformativo.com.mx\/index.php?rest_route=%2Fwp%2Fv2%2Fcomments&post=24468"}],"version-history":[{"count":1,"href":"https:\/\/encuentroinformativo.com.mx\/index.php?rest_route=\/wp\/v2\/posts\/24468\/revisions"}],"predecessor-version":[{"id":24470,"href":"https:\/\/encuentroinformativo.com.mx\/index.php?rest_route=\/wp\/v2\/posts\/24468\/revisions\/24470"}],"wp:featuredmedia":[{"embeddable":true,"href":"https:\/\/encuentroinformativo.com.mx\/index.php?rest_route=\/wp\/v2\/media\/24469"}],"wp:attachment":[{"href":"https:\/\/encuentroinformativo.com.mx\/index.php?rest_route=%2Fwp%2Fv2%2Fmedia&parent=24468"}],"wp:term":[{"taxonomy":"category","embeddable":true,"href":"https:\/\/encuentroinformativo.com.mx\/index.php?rest_route=%2Fwp%2Fv2%2Fcategories&post=24468"},{"taxonomy":"post_tag","embeddable":true,"href":"https:\/\/encuentroinformativo.com.mx\/index.php?rest_route=%2Fwp%2Fv2%2Ftags&post=24468"}],"curies":[{"name":"wp","href":"https:\/\/api.w.org\/{rel}","templated":true}]}}